{"id":12640,"date":"2025-06-25T15:09:10","date_gmt":"2025-06-25T12:09:10","guid":{"rendered":"https:\/\/www.cronicadeseverin.ro\/?p=12640"},"modified":"2025-06-25T19:36:04","modified_gmt":"2025-06-25T16:36:04","slug":"programul-fazei-regionale-a-cupei-romaniei","status":"publish","type":"post","link":"https:\/\/www.cronicadeseverin.ro\/?p=12640","title":{"rendered":"Programul fazei regionale a Cupei Rom\u00e2niei"},"content":{"rendered":"<p>FRF a stabilit programul fazei regionale a Cupei Rom\u00e2niei, edi\u021bia 2025-2026. Cele 42 de echipe au fost \u00eemp\u0103r\u021bite \u00een grupe de c\u00e2te trei forma\u021bii, c\u00e2te dou\u0103 \u00een fiecare din cele \u0219apte regiuni. Au rezultat trei meciuri \u00een fiecare grup\u0103. Jocurile au loc \u00een datele de 9 iulie, 12 iulie, respectiv 16 iulie, iar finalele au loc \u00een data de 19 iulie 2025. C\u00e2\u0219tig\u0103toarele grupelor vor juca finala regiunii, iar echipa \u00eenving\u0103toare va primi trofeul Cupei Rom\u00e2niei pentru regiunea respectiv\u0103 \u0219i se va califica \u00een urm\u0103toarea faz\u0103, Turul 1 din faza na\u021bional\u0103.<\/p>\n<p><strong>Regiunea 4 (finala va fi g\u0103zduit\u0103 de c\u00e2\u0219tig\u0103toarea Grupei 1)<\/strong><br \/>\nGrupa 1:<strong> Mehedin\u021bi (CFR Turnu Severin)<\/strong>, Arad (Unirea S\u00e2ntana), Timi\u0219 (CS S\u00e2nandrei Carani)<br \/>\nMeciuri: Arad \u2013 Timi\u0219 (9 iulie), <strong>Mehedin\u021bi \u2013 Arad (12 iulie), Timi\u0219 \u2013 Mehedin\u021bi (16 iulie)<\/strong><\/p>\n<p>Grupa 2: Hunedoara (CS Gloria al Ora\u0219ului Geoagiu), Gorj (CSM T\u00e2rgu Jiu), Cara\u0219-Severin (AFC Nera Bogodin\u021b)<br \/>\nMeciuri: Gorj \u2013 Cara\u0219-Severin (9 iulie), Hunedoara \u2013 Gorj (12 iulie), Cara\u0219-Severin \u2013 Hunedoara (16 iulie)<\/p>\n<p>Calendarul Cupei Rom\u00e2niei \u00een sezonul 2025-2026 este urm\u0103torul:<br \/>\nFAZA REGIONAL\u0102 Grupe: 9 \/ 12 \/ 16 iulie 2025, Finale: 19 iulie 2025<\/p>\n<p><strong>FAZA NA\u0162IONAL\u0102<\/strong><br \/>\nTurul 1: 30 iulie 2025<br \/>\nTurul 2: 6 august 2025<br \/>\nTurul 3: 13 august 2025<br \/>\nPlay-off: 27 august 2025<\/p>\n<p>Faza grupelor, etapa 1: 29 octombrie 2025<br \/>\nFaza grupelor, etapa 2: 3 decembrie 2025<br \/>\nFaza grupelor, etapa 3: 17 decembrie 2025<br \/>\nSferturi de final\u0103: 4 martie 2026<br \/>\nSemifinale: 22 aprilie 2026<br \/>\nFinala: 13 mai 2026<\/p>\n<p>&nbsp;<\/p>\n","protected":false},"excerpt":{"rendered":"<p>FRF a stabilit programul fazei regionale a Cupei Rom&acirc;niei, edi&#539;ia 2025-2026. Cele 42 de echipe au fost &icirc;mp&#259;r&#539;ite &icirc;n grupe de c&acirc;te trei forma&#539;ii, c&acirc;te dou&#259; &icirc;n fiecare din cele &#537;apte regiuni. Au rezultat trei meciuri &icirc;n fiecare grup&#259;. Jocurile au loc &icirc;n datele de 9 iulie, 12 iulie, respectiv 16 iulie, iar finalele au [&hellip;]<\/p>\n","protected":false},"author":1,"featured_media":12641,"comment_status":"open","ping_status":"open","sticky":false,"template":"","format":"standard","meta":{"footnotes":""},"categories":[13],"tags":[3417,365,2449,9,225,4373],"class_list":["post-12640","post","type-post","status-publish","format-standard","has-post-thumbnail","hentry","category-sport","tag-cfr-turnu-severin","tag-cupa-romaniei","tag-frf","tag-mehedinti","tag-program","tag-regiunea-4"],"_links":{"self":[{"href":"https:\/\/www.cronicadeseverin.ro\/index.php?rest_route=\/wp\/v2\/posts\/12640","targetHints":{"allow":["GET"]}}],"collection":[{"href":"https:\/\/www.cronicadeseverin.ro\/index.php?rest_route=\/wp\/v2\/posts"}],"about":[{"href":"https:\/\/www.cronicadeseverin.ro\/index.php?rest_route=\/wp\/v2\/types\/post"}],"author":[{"embeddable":true,"href":"https:\/\/www.cronicadeseverin.ro\/index.php?rest_route=\/wp\/v2\/users\/1"}],"replies":[{"embeddable":true,"href":"https:\/\/www.cronicadeseverin.ro\/index.php?rest_route=%2Fwp%2Fv2%2Fcomments&post=12640"}],"version-history":[{"count":3,"href":"https:\/\/www.cronicadeseverin.ro\/index.php?rest_route=\/wp\/v2\/posts\/12640\/revisions"}],"predecessor-version":[{"id":12644,"href":"https:\/\/www.cronicadeseverin.ro\/index.php?rest_route=\/wp\/v2\/posts\/12640\/revisions\/12644"}],"wp:featuredmedia":[{"embeddable":true,"href":"https:\/\/www.cronicadeseverin.ro\/index.php?rest_route=\/wp\/v2\/media\/12641"}],"wp:attachment":[{"href":"https:\/\/www.cronicadeseverin.ro\/index.php?rest_route=%2Fwp%2Fv2%2Fmedia&parent=12640"}],"wp:term":[{"taxonomy":"category","embeddable":true,"href":"https:\/\/www.cronicadeseverin.ro\/index.php?rest_route=%2Fwp%2Fv2%2Fcategories&post=12640"},{"taxonomy":"post_tag","embeddable":true,"href":"https:\/\/www.cronicadeseverin.ro\/index.php?rest_route=%2Fwp%2Fv2%2Ftags&post=12640"}],"curies":[{"name":"wp","href":"https:\/\/api.w.org\/{rel}","templated":true}]}}