{"id":11996,"date":"2025-03-28T18:10:03","date_gmt":"2025-03-28T15:10:03","guid":{"rendered":"https:\/\/www.cronicadeseverin.ro\/?p=11996"},"modified":"2025-03-28T18:10:03","modified_gmt":"2025-03-28T15:10:03","slug":"exercitiu-privind-interventia-in-cazul-unui-incendiu","status":"publish","type":"post","link":"https:\/\/www.cronicadeseverin.ro\/?p=11996","title":{"rendered":"Exerci\u021biu privind interven\u021bia \u00een cazul unui incendiu"},"content":{"rendered":"<p><strong><em><a href=\"https:\/\/www.cronicadeseverin.ro\/?attachment_id=11998\" rel=\"attachment wp-att-11998\"><img loading=\"lazy\" decoding=\"async\" class=\"alignleft size-large wp-image-11998\" src=\"https:\/\/www.cronicadeseverin.ro\/wp-content\/uploads\/2025\/03\/DSC3575-Mica.jpeg\" alt=\"\" width=\"718\" height=\"480\" srcset=\"https:\/\/www.cronicadeseverin.ro\/wp-content\/uploads\/2025\/03\/DSC3575-Mica.jpeg 718w, https:\/\/www.cronicadeseverin.ro\/wp-content\/uploads\/2025\/03\/DSC3575-Mica-300x201.jpeg 300w\" sizes=\"auto, (max-width: 718px) 100vw, 718px\" \/><\/a> <a href=\"https:\/\/www.cronicadeseverin.ro\/?attachment_id=11999\" rel=\"attachment wp-att-11999\"><img loading=\"lazy\" decoding=\"async\" class=\"alignleft size-large wp-image-11999\" src=\"https:\/\/www.cronicadeseverin.ro\/wp-content\/uploads\/2025\/03\/DSC3594-Mica.jpeg\" alt=\"\" width=\"717\" height=\"480\" srcset=\"https:\/\/www.cronicadeseverin.ro\/wp-content\/uploads\/2025\/03\/DSC3594-Mica.jpeg 717w, https:\/\/www.cronicadeseverin.ro\/wp-content\/uploads\/2025\/03\/DSC3594-Mica-300x201.jpeg 300w\" sizes=\"auto, (max-width: 717px) 100vw, 717px\" \/><\/a> <a href=\"https:\/\/www.cronicadeseverin.ro\/?attachment_id=12000\" rel=\"attachment wp-att-12000\"><img loading=\"lazy\" decoding=\"async\" class=\"alignleft size-large wp-image-12000\" src=\"https:\/\/www.cronicadeseverin.ro\/wp-content\/uploads\/2025\/03\/DSC3599-Mica.jpeg\" alt=\"\" width=\"718\" height=\"480\" srcset=\"https:\/\/www.cronicadeseverin.ro\/wp-content\/uploads\/2025\/03\/DSC3599-Mica.jpeg 718w, https:\/\/www.cronicadeseverin.ro\/wp-content\/uploads\/2025\/03\/DSC3599-Mica-300x201.jpeg 300w\" sizes=\"auto, (max-width: 718px) 100vw, 718px\" \/><\/a> <a href=\"https:\/\/www.cronicadeseverin.ro\/?attachment_id=12001\" rel=\"attachment wp-att-12001\"><img loading=\"lazy\" decoding=\"async\" class=\"alignleft size-large wp-image-12001\" src=\"https:\/\/www.cronicadeseverin.ro\/wp-content\/uploads\/2025\/03\/DSC3715-Mica.jpeg\" alt=\"\" width=\"718\" height=\"480\" srcset=\"https:\/\/www.cronicadeseverin.ro\/wp-content\/uploads\/2025\/03\/DSC3715-Mica.jpeg 718w, https:\/\/www.cronicadeseverin.ro\/wp-content\/uploads\/2025\/03\/DSC3715-Mica-300x201.jpeg 300w\" sizes=\"auto, (max-width: 718px) 100vw, 718px\" \/><\/a> <a href=\"https:\/\/www.cronicadeseverin.ro\/?attachment_id=12002\" rel=\"attachment wp-att-12002\"><img loading=\"lazy\" decoding=\"async\" class=\"alignleft size-large wp-image-12002\" src=\"https:\/\/www.cronicadeseverin.ro\/wp-content\/uploads\/2025\/03\/DSC3828-Mica.jpeg\" alt=\"\" width=\"718\" height=\"480\" srcset=\"https:\/\/www.cronicadeseverin.ro\/wp-content\/uploads\/2025\/03\/DSC3828-Mica.jpeg 718w, https:\/\/www.cronicadeseverin.ro\/wp-content\/uploads\/2025\/03\/DSC3828-Mica-300x201.jpeg 300w\" sizes=\"auto, (max-width: 718px) 100vw, 718px\" \/><\/a> <a href=\"https:\/\/www.cronicadeseverin.ro\/?attachment_id=12004\" rel=\"attachment wp-att-12004\"><img loading=\"lazy\" decoding=\"async\" class=\"alignleft size-large wp-image-12004\" src=\"https:\/\/www.cronicadeseverin.ro\/wp-content\/uploads\/2025\/03\/DSC3836-Mica.jpeg\" alt=\"\" width=\"718\" height=\"480\" srcset=\"https:\/\/www.cronicadeseverin.ro\/wp-content\/uploads\/2025\/03\/DSC3836-Mica.jpeg 718w, https:\/\/www.cronicadeseverin.ro\/wp-content\/uploads\/2025\/03\/DSC3836-Mica-300x201.jpeg 300w\" sizes=\"auto, (max-width: 718px) 100vw, 718px\" \/><\/a> <a href=\"https:\/\/www.cronicadeseverin.ro\/?attachment_id=12005\" rel=\"attachment wp-att-12005\"><img loading=\"lazy\" decoding=\"async\" class=\"alignleft size-large wp-image-12005\" src=\"https:\/\/www.cronicadeseverin.ro\/wp-content\/uploads\/2025\/03\/IMG_5477-Mica.jpeg\" alt=\"\" width=\"640\" height=\"480\" srcset=\"https:\/\/www.cronicadeseverin.ro\/wp-content\/uploads\/2025\/03\/IMG_5477-Mica.jpeg 640w, https:\/\/www.cronicadeseverin.ro\/wp-content\/uploads\/2025\/03\/IMG_5477-Mica-300x225.jpeg 300w, https:\/\/www.cronicadeseverin.ro\/wp-content\/uploads\/2025\/03\/IMG_5477-Mica-326x245.jpeg 326w, https:\/\/www.cronicadeseverin.ro\/wp-content\/uploads\/2025\/03\/IMG_5477-Mica-80x60.jpeg 80w\" sizes=\"auto, (max-width: 640px) 100vw, 640px\" \/><\/a>Inspectoratul pentru Situa\u0163ii de Urgen\u0163\u0103 ,,Drobeta\u201d al jude\u0163ului Mehedin\u0163i a organizat \u015fi desf\u0103\u015furat ast\u0103zi, 28 martie, un exerci\u0163iu cu for\u0163e \u015fi mijloace \u00een teren, privind interven\u0163ia \u00een cazul unui incendiu izbucnit<\/em><\/strong><em> <strong>la Spitalul municipal Or\u0219ova.<\/strong><\/em><\/p>\n<p><strong><em>\u00a0<\/em><\/strong>Potrivit scenariului exerci\u021biului, \u00een jurul orei 12:05, ISU Mehedin\u021bi a fost sesizat prin Sistemul Unic 112, cu privire la izbucnirea unui incendiu la Spitalul municipal Or\u0219ova, apelanta preciz\u00e2nd c\u0103 este posibil s\u0103 existe victime din r\u00e2ndul pacien\u021bilor, dar \u0219i a cadrelor medicale, care au r\u0103mas surprinse \u00een interior. La acest exerci\u0163iu, care a impus punerea \u00een aplicare a <strong><em>Planului jude\u0163ean de \u00een\u0219tiin\u021bare \u2013 alarmare la nivelul jude\u021bului\u00a0 Mehedin\u0163i<\/em><\/strong>, dar \u0219i a <strong><em>Planului realiz\u0103rii capacit\u0103\u021bii opera\u021bionale la nivelul unit\u0103\u0163ii<\/em><\/strong>, au fost mobiliza\u0163i peste 50 de pompieri, care au intervenit cu patru autospeciale de prim\u0103 interven\u021bie \u0219i comand\u0103, trei autospeciale de stingere, dou\u0103 ambulan\u0163e SMURD, o autospecial\u0103 pentru transport personal \u0219i victime multiple, o autospecial\u0103 de cercetare chimic\u0103 \u0219i dou\u0103 microbuze.Pentru salvarea victimelor, al\u0103turi de pompierii mehedin\u021beni, au ac\u0163ionat \u0219i echipaje ale Spitalului municipal Or\u0219ova, Serviciului Jude\u0163ean de Ambulan\u0163\u0103 Mehedin\u021bi, UPU Drobeta Turnu Severin, situa\u0163ia de urgen\u0163\u0103 fiind gestionat\u0103 cu sprijinul efectivelor de jandarmi \u015fi poli\u0163i\u015fti, dar \u015fi a lucr\u0103torilor Direc\u021biei de S\u0103n\u0103tate Public\u0103, Agen\u021biei pentru Protec\u021bia Mediului, G\u0103rzii Na\u021bionale de Mediu, CLSU Or\u0219ova \u0219i voluntari ai Filialei de Cruce Ro\u0219ie Mehedin\u021bi.Sosite la locul producerii evenimentului, echipajele au procedat la organizarea operativ\u0103 a interven\u0163iei pe sectoare, opera\u0163iunile de c\u0103utare \u0219i salvare a celor \u0219apte victime desf\u0103\u015fur\u00e2ndu-se simultan cu ac\u0163iunile de localizare \u015fi lichidare a incendiului.\u00a0Prin desf\u0103\u015furarea acestui exerci\u0163iu a fost verificat modul de conducere \u0219i coordonare a for\u021belor implicate \u00een gestionarea situa\u021biei \u00een cazul izbucnirii unui incendiu la o unitate spitaliceasc\u0103, precum \u0219i modul de cooperare a tuturor structurilor de interven\u021bie pentru realizarea m\u0103surilor de siguran\u021b\u0103, a pazei \u015fi ordinii publice pe timpul ac\u0163iunilor desf\u0103\u0219urate.Aceste exerci\u021bii de antrenament, cu scenarii complexe, sunt vitale pentru preg\u0103tirea echipajelor de pompieri, oferindu-le instrumentele necesare pentru a face fa\u021b\u0103 oric\u0103ror provoc\u0103ri care ar putea ap\u0103rea \u00een timpul gestion\u0103rii unei situa\u021bii reale.Situa\u021biile operative propuse le permit s\u0103 \u00eenve\u021be s\u0103 ia decizii rapide care pot influen\u021ba succesul unei interven\u021bii, s\u0103 analizeze informa\u021biile \u0219i s\u0103 anticipeze posibilele riscuri. De asemenea, alte aspecte importante exersate pe timpul desf\u0103\u0219ur\u0103rii acestor exerci\u021bii sunt comunicarea, coordonarea \u0219i colaborarea \u00eentre colegi, dar \u0219i \u00eentre institu\u021biile implicate.<\/p>\n<p style=\"text-align: right;\">COMPARTIMENTUL INFORMARE \u015eI RELA\u0162II PUBLICE<\/p>\n","protected":false},"excerpt":{"rendered":"<p>Inspectoratul pentru Situa&#355;ii de Urgen&#355;&#259; ,,Drobeta&rdquo; al jude&#355;ului Mehedin&#355;i a organizat &#351;i desf&#259;&#351;urat ast&#259;zi, 28 martie, un exerci&#355;iu cu for&#355;e &#351;i mijloace &icirc;n teren, privind interven&#355;ia &icirc;n cazul unui incendiu izbucnit la Spitalul municipal Or&#537;ova. &nbsp;Potrivit scenariului exerci&#539;iului, &icirc;n jurul orei 12:05, ISU Mehedin&#539;i a fost sesizat prin Sistemul Unic 112, cu privire la izbucnirea [&hellip;]<\/p>\n","protected":false},"author":1,"featured_media":11997,"comment_status":"open","ping_status":"open","sticky":false,"template":"","format":"standard","meta":{"footnotes":""},"categories":[4],"tags":[222,1557,61,856],"class_list":["post-11996","post","type-post","status-publish","format-standard","has-post-thumbnail","hentry","category-stiri","tag-exercitiu","tag-isu-drobeta","tag-orsova","tag-spital"],"_links":{"self":[{"href":"https:\/\/www.cronicadeseverin.ro\/index.php?rest_route=\/wp\/v2\/posts\/11996","targetHints":{"allow":["GET"]}}],"collection":[{"href":"https:\/\/www.cronicadeseverin.ro\/index.php?rest_route=\/wp\/v2\/posts"}],"about":[{"href":"https:\/\/www.cronicadeseverin.ro\/index.php?rest_route=\/wp\/v2\/types\/post"}],"author":[{"embeddable":true,"href":"https:\/\/www.cronicadeseverin.ro\/index.php?rest_route=\/wp\/v2\/users\/1"}],"replies":[{"embeddable":true,"href":"https:\/\/www.cronicadeseverin.ro\/index.php?rest_route=%2Fwp%2Fv2%2Fcomments&post=11996"}],"version-history":[{"count":1,"href":"https:\/\/www.cronicadeseverin.ro\/index.php?rest_route=\/wp\/v2\/posts\/11996\/revisions"}],"predecessor-version":[{"id":12006,"href":"https:\/\/www.cronicadeseverin.ro\/index.php?rest_route=\/wp\/v2\/posts\/11996\/revisions\/12006"}],"wp:featuredmedia":[{"embeddable":true,"href":"https:\/\/www.cronicadeseverin.ro\/index.php?rest_route=\/wp\/v2\/media\/11997"}],"wp:attachment":[{"href":"https:\/\/www.cronicadeseverin.ro\/index.php?rest_route=%2Fwp%2Fv2%2Fmedia&parent=11996"}],"wp:term":[{"taxonomy":"category","embeddable":true,"href":"https:\/\/www.cronicadeseverin.ro\/index.php?rest_route=%2Fwp%2Fv2%2Fcategories&post=11996"},{"taxonomy":"post_tag","embeddable":true,"href":"https:\/\/www.cronicadeseverin.ro\/index.php?rest_route=%2Fwp%2Fv2%2Ftags&post=11996"}],"curies":[{"name":"wp","href":"https:\/\/api.w.org\/{rel}","templated":true}]}}