{"id":11993,"date":"2025-03-28T17:55:16","date_gmt":"2025-03-28T14:55:16","guid":{"rendered":"https:\/\/www.cronicadeseverin.ro\/?p=11993"},"modified":"2025-03-28T17:55:16","modified_gmt":"2025-03-28T14:55:16","slug":"caldura-de-la-termo-si-in-iarna-2025-2026","status":"publish","type":"post","link":"https:\/\/www.cronicadeseverin.ro\/?p=11993","title":{"rendered":"C\u0103ldur\u0103 de la TERMO \u0219i \u00een IARNA 2025-2026"},"content":{"rendered":"<section class=\"document-statement\">\n<h2>\u00cen \u0219edin\u021ba de Consiliu local a fost aprobat\u0103 prezenta hot\u0103r\u00e2re:<\/h2>\n<h2>Art. 1 &#8211; Se aprob\u0103 darea \u00een administrare temporar\u0103 pe o perioad\u0103 de 1 an a activit\u0103\u021bii de producere a energiei termice, \u00eencep\u00e2nd cu sezonul rece 2025-2026, c\u0103tre Serviciul Public de Alimentare cu Energie Termic\u0103 Drobeta Turnu Severin din subordinea Consiliului Local al municipiului Drobeta Turnu Severin.<\/h2>\n<h2>Art. 2 &#8211; \u021ain\u00e2nd cont de necesitatea realiz\u0103rii activit\u0103\u021bii de\u00a0<span lang=\"ro-RO\">producere a energiei termice, \u00een condi\u021bii de siguran\u021b\u0103 \u00een exploatare, cu respectarea parametrilor cantitativi \u0219i calitativi de func\u021bionare, se mandateaz\u0103 Serviciul Public de Alimentare cu Energie Termic\u0103 Drobeta Turnu Severin, pentru a \u00eencheia contract de prest\u0103ri servicii operare central\u0103 termic\u0103, conform legisla\u021biei \u00een materie.<\/span><\/h2>\n<h2>Art. 3 \u00a0&#8211; Durata contractului de operare prev\u0103zut se va \u00eentinde pe perioada sezonului 2025 \u2013 2026, respectiv 28.10.2025 \u2013 30.04.2026; Perioada 28.10-31.10.2025 va fi alocata pentru preg\u0103tirea instala\u021biilor \u00een vederea furniz\u0103rii agentului termic la data de 01.11.2025.<\/h2>\n<\/section>\n","protected":false},"excerpt":{"rendered":"<p>&Icirc;n &#537;edin&#539;a de Consiliu local a fost aprobat&#259; prezenta hot&#259;r&acirc;re: Art. 1 &ndash; Se aprob&#259; darea &icirc;n administrare temporar&#259; pe o perioad&#259; de 1 an a activit&#259;&#539;ii de producere a energiei termice, &icirc;ncep&acirc;nd cu sezonul rece 2025-2026, c&#259;tre Serviciul Public de Alimentare cu Energie Termic&#259; Drobeta Turnu Severin din subordinea Consiliului Local al municipiului Drobeta [&hellip;]<\/p>\n","protected":false},"author":1,"featured_media":11994,"comment_status":"open","ping_status":"open","sticky":false,"template":"","format":"standard","meta":{"footnotes":""},"categories":[4],"tags":[1389,116,251,4181],"class_list":["post-11993","post","type-post","status-publish","format-standard","has-post-thumbnail","hentry","category-stiri","tag-caldura","tag-iarna","tag-severin","tag-termo"],"_links":{"self":[{"href":"https:\/\/www.cronicadeseverin.ro\/index.php?rest_route=\/wp\/v2\/posts\/11993","targetHints":{"allow":["GET"]}}],"collection":[{"href":"https:\/\/www.cronicadeseverin.ro\/index.php?rest_route=\/wp\/v2\/posts"}],"about":[{"href":"https:\/\/www.cronicadeseverin.ro\/index.php?rest_route=\/wp\/v2\/types\/post"}],"author":[{"embeddable":true,"href":"https:\/\/www.cronicadeseverin.ro\/index.php?rest_route=\/wp\/v2\/users\/1"}],"replies":[{"embeddable":true,"href":"https:\/\/www.cronicadeseverin.ro\/index.php?rest_route=%2Fwp%2Fv2%2Fcomments&post=11993"}],"version-history":[{"count":1,"href":"https:\/\/www.cronicadeseverin.ro\/index.php?rest_route=\/wp\/v2\/posts\/11993\/revisions"}],"predecessor-version":[{"id":11995,"href":"https:\/\/www.cronicadeseverin.ro\/index.php?rest_route=\/wp\/v2\/posts\/11993\/revisions\/11995"}],"wp:featuredmedia":[{"embeddable":true,"href":"https:\/\/www.cronicadeseverin.ro\/index.php?rest_route=\/wp\/v2\/media\/11994"}],"wp:attachment":[{"href":"https:\/\/www.cronicadeseverin.ro\/index.php?rest_route=%2Fwp%2Fv2%2Fmedia&parent=11993"}],"wp:term":[{"taxonomy":"category","embeddable":true,"href":"https:\/\/www.cronicadeseverin.ro\/index.php?rest_route=%2Fwp%2Fv2%2Fcategories&post=11993"},{"taxonomy":"post_tag","embeddable":true,"href":"https:\/\/www.cronicadeseverin.ro\/index.php?rest_route=%2Fwp%2Fv2%2Ftags&post=11993"}],"curies":[{"name":"wp","href":"https:\/\/api.w.org\/{rel}","templated":true}]}}