{"id":11445,"date":"2024-11-28T19:43:43","date_gmt":"2024-11-28T16:43:43","guid":{"rendered":"https:\/\/www.cronicadeseverin.ro\/?p=11445"},"modified":"2024-11-29T11:45:59","modified_gmt":"2024-11-29T08:45:59","slug":"in-aceasta-seara-am-pasit-impreuna-in-atmosfera-magica-a-sarbatorilor-de-iarna","status":"publish","type":"post","link":"https:\/\/www.cronicadeseverin.ro\/?p=11445","title":{"rendered":"\u00cen aceast\u0103 sear\u0103, am p\u0103\u0219it \u00eempreun\u0103 \u00een atmosfera magic\u0103 a s\u0103rb\u0103torilor de iarn\u0103!"},"content":{"rendered":"<p><span class=\"x193iq5w xeuugli x13faqbe x1vvkbs x1xmvt09 x1lliihq x1s928wv xhkezso x1gmr53x x1cpjm7i x1fgarty x1943h6x xudqn12 x3x7a5m x6prxxf xvq8zen xo1l8bm xzsf02u x1yc453h\" dir=\"auto\">V\u0103 a\u0219tept\u0103m s\u0103 ne bucur\u0103m de o lun\u0103 plin\u0103 de surprize pentru cei mici, dar \u0219i pentru cei mari!<\/span><\/p>\n<p><a href=\"https:\/\/www.cronicadeseverin.ro\/?attachment_id=11446\" rel=\"attachment wp-att-11446\"><img loading=\"lazy\" decoding=\"async\" class=\"aligncenter size-large wp-image-11446\" src=\"https:\/\/www.cronicadeseverin.ro\/wp-content\/uploads\/2024\/11\/1-37-800x533.jpg\" alt=\"\" width=\"800\" height=\"533\" \/><\/a> <a href=\"https:\/\/www.cronicadeseverin.ro\/?attachment_id=11447\" rel=\"attachment wp-att-11447\"><img loading=\"lazy\" decoding=\"async\" class=\"aligncenter size-large wp-image-11447\" src=\"https:\/\/www.cronicadeseverin.ro\/wp-content\/uploads\/2024\/11\/2-33-800x533.jpg\" alt=\"\" width=\"800\" height=\"533\" \/><\/a> <a href=\"https:\/\/www.cronicadeseverin.ro\/?attachment_id=11448\" rel=\"attachment wp-att-11448\"><img loading=\"lazy\" decoding=\"async\" class=\"aligncenter size-large wp-image-11448\" src=\"https:\/\/www.cronicadeseverin.ro\/wp-content\/uploads\/2024\/11\/3-33-800x533.jpg\" alt=\"\" width=\"800\" height=\"533\" \/><\/a><\/p>\n","protected":false},"excerpt":{"rendered":"<p>V&#259; a&#537;tept&#259;m s&#259; ne bucur&#259;m de o lun&#259; plin&#259; de surprize pentru cei mici, dar &#537;i pentru cei mari!<\/p>\n","protected":false},"author":1,"featured_media":11446,"comment_status":"open","ping_status":"open","sticky":false,"template":"","format":"standard","meta":{"footnotes":""},"categories":[3795],"tags":[34,702,1540,3854],"class_list":["post-11445","post","type-post","status-publish","format-standard","has-post-thumbnail","hentry","category-adevertorial-category","tag-marius-screciu","tag-primar","tag-primaria-drobeta-turnu-severin","tag-promenada-crisan"],"_links":{"self":[{"href":"https:\/\/www.cronicadeseverin.ro\/index.php?rest_route=\/wp\/v2\/posts\/11445","targetHints":{"allow":["GET"]}}],"collection":[{"href":"https:\/\/www.cronicadeseverin.ro\/index.php?rest_route=\/wp\/v2\/posts"}],"about":[{"href":"https:\/\/www.cronicadeseverin.ro\/index.php?rest_route=\/wp\/v2\/types\/post"}],"author":[{"embeddable":true,"href":"https:\/\/www.cronicadeseverin.ro\/index.php?rest_route=\/wp\/v2\/users\/1"}],"replies":[{"embeddable":true,"href":"https:\/\/www.cronicadeseverin.ro\/index.php?rest_route=%2Fwp%2Fv2%2Fcomments&post=11445"}],"version-history":[{"count":1,"href":"https:\/\/www.cronicadeseverin.ro\/index.php?rest_route=\/wp\/v2\/posts\/11445\/revisions"}],"predecessor-version":[{"id":11449,"href":"https:\/\/www.cronicadeseverin.ro\/index.php?rest_route=\/wp\/v2\/posts\/11445\/revisions\/11449"}],"wp:featuredmedia":[{"embeddable":true,"href":"https:\/\/www.cronicadeseverin.ro\/index.php?rest_route=\/wp\/v2\/media\/11446"}],"wp:attachment":[{"href":"https:\/\/www.cronicadeseverin.ro\/index.php?rest_route=%2Fwp%2Fv2%2Fmedia&parent=11445"}],"wp:term":[{"taxonomy":"category","embeddable":true,"href":"https:\/\/www.cronicadeseverin.ro\/index.php?rest_route=%2Fwp%2Fv2%2Fcategories&post=11445"},{"taxonomy":"post_tag","embeddable":true,"href":"https:\/\/www.cronicadeseverin.ro\/index.php?rest_route=%2Fwp%2Fv2%2Ftags&post=11445"}],"curies":[{"name":"wp","href":"https:\/\/api.w.org\/{rel}","templated":true}]}}