{"id":11390,"date":"2024-11-19T20:28:19","date_gmt":"2024-11-19T17:28:19","guid":{"rendered":"https:\/\/www.cronicadeseverin.ro\/?p=11390"},"modified":"2024-11-25T22:31:00","modified_gmt":"2024-11-25T19:31:00","slug":"ovidiu-sandor-scoala-dupa-scoala-in-mehedinti","status":"publish","type":"post","link":"https:\/\/www.cronicadeseverin.ro\/?p=11390","title":{"rendered":"Ovidiu \u0218andor: \u201e\u0218coal\u0103 dup\u0103 \u0219coal\u0103\u201d \u00een Mehedin\u021bi"},"content":{"rendered":"<p><a href=\"https:\/\/www.cronicadeseverin.ro\/?attachment_id=11384\" rel=\"attachment wp-att-11384\"><img loading=\"lazy\" decoding=\"async\" class=\"aligncenter size-large wp-image-11384\" src=\"https:\/\/www.cronicadeseverin.ro\/wp-content\/uploads\/2024\/11\/a2-800x800.jpg\" alt=\"\" width=\"800\" height=\"800\" srcset=\"https:\/\/www.cronicadeseverin.ro\/wp-content\/uploads\/2024\/11\/a2-800x800.jpg 800w, https:\/\/www.cronicadeseverin.ro\/wp-content\/uploads\/2024\/11\/a2-300x300.jpg 300w, https:\/\/www.cronicadeseverin.ro\/wp-content\/uploads\/2024\/11\/a2-150x150.jpg 150w, https:\/\/www.cronicadeseverin.ro\/wp-content\/uploads\/2024\/11\/a2-768x768.jpg 768w, https:\/\/www.cronicadeseverin.ro\/wp-content\/uploads\/2024\/11\/a2.jpg 1080w\" sizes=\"auto, (max-width: 800px) 100vw, 800px\" \/><\/a>Candidatul Rom\u00e2nia \u00een Ac\u021biune pentru jude\u021bul Mehedin\u021bi, Ovidiu \u0218andor, consider\u0103 c\u0103 este necesar, chiar o urgen\u021b\u0103, implementarea programelor de \u00eenv\u0103\u021bare \u00een afara orelor de curs, de tip \u201c\u0218coal\u0103 dup\u0103 \u0219coal\u0103\u201d. El consider\u0103 c\u0103 e nevoie de un plan na\u021bional \u0219i sigur la nivelul jude\u021bului Mehedin\u021bi, pentru a implementa programul \u00a0\u201c\u0218coal\u0103 dup\u0103 \u0219coal\u0103\u201d, care s\u0103 includ\u0103 o mas\u0103 cald\u0103 la pr\u00e2nz, iar\u00a0 Ministerului Educa\u021biei nu trebuie s\u0103 mai am\u00e2ne realizarea \u0219i opera\u021bionalizarea programului.<\/p>\n<p>Ovidiu \u0218andor: Nu doar \u00een mediul urban, ci \u0219i \u00een satele din Mehedin\u021bi, p\u0103rin\u021bii a\u0219teapt\u0103 acest program. Vor gr\u0103dini\u021be cu program prelungit \u0219i de asemenea un sistem \u00een care copiii s\u0103 ajung\u0103 acas\u0103 cu temele \u00eenv\u0103\u021bate. Este un proiect care poate revolu\u021biona sistemul de educa\u021bie preuniversitar \u0219i care vor permite p\u0103rin\u021bilor s\u0103 lucreze \u0219i s\u0103 aib\u0103 un trai mai decent.<\/p>\n<p>Programul \u201e\u0218coala dup\u0103 \u0219coal\u0103\u201d are caracter complementar \u00een raport cu programul \u0219colar \u0219i cuprinde activit\u0103\u021bi educative pentru consolidarea, remedierea sau aprofundarea competen\u021belor dob\u00e2ndite de elevi \u00een cadrul programului \u0219colar. \u00cen program vor fi prev\u0103zute \u0219i alte activit\u0103\u021bi pentru sus\u021binerea dreptului la educa\u021bie, inclusiv de tip recreativ sau de timp liber.<\/p>\n<p>Ovidiu \u0218andor: Avem nevoie de programe active care s\u0103 stimuleze creativitatea \u0219i care s\u0103 joace un rol activ \u00een via\u021ba social\u0103 a copiilor. De asemenea \u00een acest fel putem s\u0103 impulsion\u0103m \u0219i s\u0103 d\u0103m o \u0219ans\u0103 mai bun\u0103 p\u0103rin\u021bilor \u00een a-\u0219i construi \u0219i continua cariera profesional\u0103.<\/p>\n<p>Ovidiu \u0218andor este candidatul pentru Senatul Rom\u00e2niei din partea partidului Rom\u00e2nia \u00een Ac\u021biune pentru jude\u021bul Mehedin\u021bi.<\/p>\n<p>CMF 11240040<\/p>\n","protected":false},"excerpt":{"rendered":"<p>Candidatul Rom&acirc;nia &icirc;n Ac&#539;iune pentru jude&#539;ul Mehedin&#539;i, Ovidiu &#536;andor, consider&#259; c&#259; este necesar, chiar o urgen&#539;&#259;, implementarea programelor de &icirc;nv&#259;&#539;are &icirc;n afara orelor de curs, de tip &ldquo;&#536;coal&#259; dup&#259; &#537;coal&#259;&rdquo;. El consider&#259; c&#259; e nevoie de un plan na&#539;ional &#537;i sigur la nivelul jude&#539;ului Mehedin&#539;i, pentru a implementa programul &nbsp;&ldquo;&#536;coal&#259; dup&#259; &#537;coal&#259;&rdquo;, care s&#259; includ&#259; [&hellip;]<\/p>\n","protected":false},"author":1,"featured_media":11384,"comment_status":"open","ping_status":"open","sticky":false,"template":"","format":"standard","meta":{"footnotes":""},"categories":[3795],"tags":[812,9,4031,4027,225,4032],"class_list":["post-11390","post","type-post","status-publish","format-standard","has-post-thumbnail","hentry","category-adevertorial-category","tag-candidat","tag-mehedinti","tag-ovidiu-sandor","tag-partidul-romania-in-actiune","tag-program","tag-scoala-dupa-scoala"],"_links":{"self":[{"href":"https:\/\/www.cronicadeseverin.ro\/index.php?rest_route=\/wp\/v2\/posts\/11390","targetHints":{"allow":["GET"]}}],"collection":[{"href":"https:\/\/www.cronicadeseverin.ro\/index.php?rest_route=\/wp\/v2\/posts"}],"about":[{"href":"https:\/\/www.cronicadeseverin.ro\/index.php?rest_route=\/wp\/v2\/types\/post"}],"author":[{"embeddable":true,"href":"https:\/\/www.cronicadeseverin.ro\/index.php?rest_route=\/wp\/v2\/users\/1"}],"replies":[{"embeddable":true,"href":"https:\/\/www.cronicadeseverin.ro\/index.php?rest_route=%2Fwp%2Fv2%2Fcomments&post=11390"}],"version-history":[{"count":1,"href":"https:\/\/www.cronicadeseverin.ro\/index.php?rest_route=\/wp\/v2\/posts\/11390\/revisions"}],"predecessor-version":[{"id":11391,"href":"https:\/\/www.cronicadeseverin.ro\/index.php?rest_route=\/wp\/v2\/posts\/11390\/revisions\/11391"}],"wp:featuredmedia":[{"embeddable":true,"href":"https:\/\/www.cronicadeseverin.ro\/index.php?rest_route=\/wp\/v2\/media\/11384"}],"wp:attachment":[{"href":"https:\/\/www.cronicadeseverin.ro\/index.php?rest_route=%2Fwp%2Fv2%2Fmedia&parent=11390"}],"wp:term":[{"taxonomy":"category","embeddable":true,"href":"https:\/\/www.cronicadeseverin.ro\/index.php?rest_route=%2Fwp%2Fv2%2Fcategories&post=11390"},{"taxonomy":"post_tag","embeddable":true,"href":"https:\/\/www.cronicadeseverin.ro\/index.php?rest_route=%2Fwp%2Fv2%2Ftags&post=11390"}],"curies":[{"name":"wp","href":"https:\/\/api.w.org\/{rel}","templated":true}]}}