{"id":11388,"date":"2024-11-19T22:25:02","date_gmt":"2024-11-19T19:25:02","guid":{"rendered":"https:\/\/www.cronicadeseverin.ro\/?p=11388"},"modified":"2024-11-25T22:28:13","modified_gmt":"2024-11-25T19:28:13","slug":"cristian-lungu-ne-trebuie-parcuri-agroindustriale-si-agrozootehnice-si-unitati-de-procesare-a-produselor-fermierilor","status":"publish","type":"post","link":"https:\/\/www.cronicadeseverin.ro\/?p=11388","title":{"rendered":"Cristian Lungu: Ne trebuie parcuri agroindustriale \u0219i agrozootehnice \u0219i unit\u0103\u021bi de procesare a produselor fermierilor."},"content":{"rendered":"<p><a href=\"https:\/\/www.cronicadeseverin.ro\/?attachment_id=11381\" rel=\"attachment wp-att-11381\"><img loading=\"lazy\" decoding=\"async\" class=\"aligncenter size-large wp-image-11381\" src=\"https:\/\/www.cronicadeseverin.ro\/wp-content\/uploads\/2024\/11\/a1-800x798.jpg\" alt=\"\" width=\"800\" height=\"798\" srcset=\"https:\/\/www.cronicadeseverin.ro\/wp-content\/uploads\/2024\/11\/a1-800x798.jpg 800w, https:\/\/www.cronicadeseverin.ro\/wp-content\/uploads\/2024\/11\/a1-300x300.jpg 300w, https:\/\/www.cronicadeseverin.ro\/wp-content\/uploads\/2024\/11\/a1-150x150.jpg 150w, https:\/\/www.cronicadeseverin.ro\/wp-content\/uploads\/2024\/11\/a1-768x766.jpg 768w, https:\/\/www.cronicadeseverin.ro\/wp-content\/uploads\/2024\/11\/a1.jpg 960w\" sizes=\"auto, (max-width: 800px) 100vw, 800px\" \/><\/a>Candidatul la Camera Deputa\u021bilor din partea partidului Rom\u00e2nia \u00een Ac\u021biune pentru jude\u021bul Mehedin\u021bi, Cristian Lungu, consider\u0103 c\u0103 Rom\u00e2nia are nevoie urgent\u0103 de realizarea unor parcuri agroindustriale pentru marii \u0219i micii fermieri. Acesta e de p\u0103rere c\u0103 produsele trebuie comercializate mai u\u0219or printr-o \u00eenlesnire a \u00eentregului proces care \u00eencepe cu produc\u021bia \u0219i se \u00eencheie la momentul \u00een care produsul finit este la raft \u0219i cump\u0103rat.<\/p>\n<p>Cristian Lungu: Fie din fonduri europene, fie prin parteneriate-publice private, cu asocia\u021biile de produc\u0103tori, vrem s\u0103 realiz\u0103m aceste parcuri \u0219i depozite pentru produc\u0103tori locali \u00een a\u0219a fel \u00eenc\u00e2t produsele lor s\u0103 poat\u0103 fi \u0219i comercializate mai u\u0219or, at\u00e2t \u00een pie\u021be c\u00e2t \u0219i \u00een magazine \u0219i supermarketuri. Avem loca\u021bii potrivite pentru realizarea lor.<\/p>\n<p>\u00cen afar\u0103 de t\u00e2rgurile \u0219i pie\u021bele din localit\u0103\u021bi, toate aceste produse trebuie s\u0103 se reg\u0103seasc\u0103 \u0219i \u00een re\u021belele de magazine. Vom identifica solu\u021bii pentru depozitarea, ambalarea produselor \u015fi posibilitatea de a fi livrate \u00een sistemul comercial standard.<\/p>\n<p>Vom identifica un teren potrivit \u0219i vom construi acest parc pentru a stimula produc\u021bia. Dac\u0103 vom avea produse mai multe, ele vor trebui stocate \u00een condi\u021bii bune pentru a putea fi livrate comercian\u021bilor \u0219i magazinelor.<\/p>\n<p>Nu \u00een ultimul r\u00e2nd vom face demersuri \u0219i vom redeschide t\u00e2rgurile de animale \u00een localit\u0103\u021bile jude\u021bului Mehedin\u021bi. Vom face expozi\u021bii \u0219i vom stimula cre\u0219terea \u0219i comercializarea animalelor.<\/p>\n<p>Cristian Lungu este candidatul la Camera Deputa\u021bilor din partea partidului Rom\u00e2nia \u00een Ac\u021biune pentru jude\u021bul Mehedin\u021bi.<\/p>\n<p>CMF 11240040<\/p>\n","protected":false},"excerpt":{"rendered":"<p>Candidatul la Camera Deputa&#539;ilor din partea partidului Rom&acirc;nia &icirc;n Ac&#539;iune pentru jude&#539;ul Mehedin&#539;i, Cristian Lungu, consider&#259; c&#259; Rom&acirc;nia are nevoie urgent&#259; de realizarea unor parcuri agroindustriale pentru marii &#537;i micii fermieri. Acesta e de p&#259;rere c&#259; produsele trebuie comercializate mai u&#537;or printr-o &icirc;nlesnire a &icirc;ntregului proces care &icirc;ncepe cu produc&#539;ia &#537;i se &icirc;ncheie la momentul [&hellip;]<\/p>\n","protected":false},"author":1,"featured_media":11381,"comment_status":"open","ping_status":"open","sticky":false,"template":"","format":"standard","meta":{"footnotes":""},"categories":[3795],"tags":[812,4026,138,4029,4027,4030],"class_list":["post-11388","post","type-post","status-publish","format-standard","has-post-thumbnail","hentry","category-adevertorial-category","tag-candidat","tag-cristian-lungu","tag-fermieri","tag-parcuri-agroindustriale","tag-partidul-romania-in-actiune","tag-produse"],"_links":{"self":[{"href":"https:\/\/www.cronicadeseverin.ro\/index.php?rest_route=\/wp\/v2\/posts\/11388","targetHints":{"allow":["GET"]}}],"collection":[{"href":"https:\/\/www.cronicadeseverin.ro\/index.php?rest_route=\/wp\/v2\/posts"}],"about":[{"href":"https:\/\/www.cronicadeseverin.ro\/index.php?rest_route=\/wp\/v2\/types\/post"}],"author":[{"embeddable":true,"href":"https:\/\/www.cronicadeseverin.ro\/index.php?rest_route=\/wp\/v2\/users\/1"}],"replies":[{"embeddable":true,"href":"https:\/\/www.cronicadeseverin.ro\/index.php?rest_route=%2Fwp%2Fv2%2Fcomments&post=11388"}],"version-history":[{"count":1,"href":"https:\/\/www.cronicadeseverin.ro\/index.php?rest_route=\/wp\/v2\/posts\/11388\/revisions"}],"predecessor-version":[{"id":11389,"href":"https:\/\/www.cronicadeseverin.ro\/index.php?rest_route=\/wp\/v2\/posts\/11388\/revisions\/11389"}],"wp:featuredmedia":[{"embeddable":true,"href":"https:\/\/www.cronicadeseverin.ro\/index.php?rest_route=\/wp\/v2\/media\/11381"}],"wp:attachment":[{"href":"https:\/\/www.cronicadeseverin.ro\/index.php?rest_route=%2Fwp%2Fv2%2Fmedia&parent=11388"}],"wp:term":[{"taxonomy":"category","embeddable":true,"href":"https:\/\/www.cronicadeseverin.ro\/index.php?rest_route=%2Fwp%2Fv2%2Fcategories&post=11388"},{"taxonomy":"post_tag","embeddable":true,"href":"https:\/\/www.cronicadeseverin.ro\/index.php?rest_route=%2Fwp%2Fv2%2Ftags&post=11388"}],"curies":[{"name":"wp","href":"https:\/\/api.w.org\/{rel}","templated":true}]}}