{"id":11343,"date":"2024-11-21T11:09:18","date_gmt":"2024-11-21T08:09:18","guid":{"rendered":"https:\/\/www.cronicadeseverin.ro\/?p=11343"},"modified":"2024-11-22T11:12:12","modified_gmt":"2024-11-22T08:12:12","slug":"proiect-depus-pentru-consolidarea-reabilitarea-si-dotarea-cladirii-fostei-maternitati","status":"publish","type":"post","link":"https:\/\/www.cronicadeseverin.ro\/?p=11343","title":{"rendered":"PROIECT DEPUS PENTRU CONSOLIDAREA, REABILITAREA \u0218I DOTAREA CL\u0102DIRII FOSTEI MATERNIT\u0102\u021aI"},"content":{"rendered":"<div class=\"x11i5rnm xat24cr x1mh8g0r x1vvkbs xtlvy1s x126k92a\">\n<div dir=\"auto\">Ast\u0103zi am depus un proiect foarte important pentru atragerea de fonduri europene \u00een vederea reabilit\u0103rii \u0219i dot\u0103rii cl\u0103dirii fostei maternit\u0103\u021bi, situat\u0103 pe Bulevardul Carol din Drobeta Turnu Severin.<\/div>\n<\/div>\n<div class=\"x11i5rnm xat24cr x1mh8g0r x1vvkbs xtlvy1s x126k92a\">\n<div dir=\"auto\">Este vorba despre obiectivul<\/div>\n<div dir=\"auto\">\u201cReabilitare \u0219i dotare Sec\u021bia Recuperare, Medicin\u0103 Fizic\u0103 \u0219i Balneologie din cadrul Spitalului Jude\u021bean de Urgen\u021b\u0103 Drobeta Turnu Severin\u201d, \u00een valoare de 135 757 029 lei, care a fost depus pe \u201cProgramul Na\u021bional de Investi\u021bii \u00een Infrastructura Unit\u0103\u021bilor Spitalice\u0219ti\u201d, gestionat de<\/div>\n<div dir=\"auto\">Ministerul Investi\u021biilor \u0219i Proiectelor Europene.<\/div>\n<\/div>\n<div class=\"x11i5rnm xat24cr x1mh8g0r x1vvkbs xtlvy1s x126k92a\">\n<div dir=\"auto\">\u00cen paralel, cu fonduri guvernamentale se va implementa proiectul \u201cConsolidare seismic\u0103, Sec\u021bia Recuperare, Medicin\u0103 Fizic\u0103 \u0219i Balneologie din cadrul Spitalului Jude\u021bean de Urgen\u021b\u0103 Drobeta Turnu Severin\u201d, \u00een valoare de 43 373 454 lei, atrase prin Ministerul Dezvolt\u0103rii, Lucr\u0103rilor Publice \u0219i Administra\u021biei, dar \u0219i cu o contribu\u021bie de 10 174 399 lei, din bugetul jude\u021bului.<\/div>\n<\/div>\n<div class=\"x11i5rnm xat24cr x1mh8g0r x1vvkbs xtlvy1s x126k92a\">\n<div dir=\"auto\">Sunt proiecte la care \u021bin foarte mult pentru ca aceast\u0103 cl\u0103dire este una emblematic\u0103 pentru municipiul Drobeta Turnu Severin \u0219i jude\u021bul Mehedin\u021bi, astfel c\u0103 am a\u0219teptat oportunitatea de atragere a fondurilor.<\/div>\n<div dir=\"auto\">\u00cen urma investi\u021biei, unitatea va fi transformat\u0103 \u00een Sec\u021bie de Recuperare, Medicin\u0103 Fizic\u0103 \u0219i Balneologie.<\/div>\n<div dir=\"auto\">Aici vor func\u021biona: Compartiment primire bolnavi recuperare, Baz\u0103 tratament-laborator recuperare, medicin\u0103 fizic\u0103, balneologie, Ambulatoriu integrat &#8211; Cabinet integrat recuperare, medicin\u0103 fizic\u0103, balneologie \u0219i proceduri de laborator.<\/div>\n<\/div>\n<div class=\"x11i5rnm xat24cr x1mh8g0r x1vvkbs xtlvy1s x126k92a\">\n<div dir=\"auto\">Am avut sprijinul Guvernului Rom\u00e2niei condus de pre\u0219edintele Marcel Ciolacu pentru toate investi\u021biile realizate \u00een sistemul medical din Mehedin\u021bi \u0219i am convingerea c\u0103 \u00eel vom avea \u00een continuare.<\/div>\n<div dir=\"auto\">Un vot important pentru PSD, \u00een data de 1 decembrie \u00eenseamn\u0103 un num\u0103r mare de parlamentari pentru PSD \u0219i un guvern care s\u0103 sprijine investi\u021biile pe care le avem pentru jude\u021bul Mehedin\u021bi.<\/div>\n<\/div>\n<div class=\"x11i5rnm xat24cr x1mh8g0r x1vvkbs xtlvy1s x126k92a\">\n<div dir=\"auto\">La fel de important este votul din data de 24 noiembrie pentru viitorul pre\u0219edinte al Rom\u00e2niei, Marcel Ciolacu!<\/div>\n<div dir=\"auto\">Comandat de Partidul Social Democrat-PSD-Organiza\u021bia Jude\u021bean\u0103 MEHEDIN\u021aI<br \/>\nExecutat de SC CRONICA DE SEVERIN SRL<br \/>\nCMF 11240017<\/div>\n<\/div>\n<div dir=\"auto\"><a href=\"https:\/\/www.cronicadeseverin.ro\/?attachment_id=11344\" rel=\"attachment wp-att-11344\"><img loading=\"lazy\" decoding=\"async\" class=\"aligncenter size-large wp-image-11344\" src=\"https:\/\/www.cronicadeseverin.ro\/wp-content\/uploads\/2024\/11\/1-26-800x735.jpg\" alt=\"\" width=\"800\" height=\"735\" \/><\/a> <a href=\"https:\/\/www.cronicadeseverin.ro\/?attachment_id=11345\" rel=\"attachment wp-att-11345\"><img loading=\"lazy\" decoding=\"async\" class=\"aligncenter size-large wp-image-11345\" src=\"https:\/\/www.cronicadeseverin.ro\/wp-content\/uploads\/2024\/11\/2-26-800x450.jpg\" alt=\"\" width=\"800\" height=\"450\" \/><\/a> <a href=\"https:\/\/www.cronicadeseverin.ro\/?attachment_id=11346\" rel=\"attachment wp-att-11346\"><img loading=\"lazy\" decoding=\"async\" class=\"aligncenter size-large wp-image-11346\" src=\"https:\/\/www.cronicadeseverin.ro\/wp-content\/uploads\/2024\/11\/3-25-800x800.jpg\" alt=\"\" width=\"800\" height=\"800\" srcset=\"https:\/\/www.cronicadeseverin.ro\/wp-content\/uploads\/2024\/11\/3-25-800x800.jpg 800w, https:\/\/www.cronicadeseverin.ro\/wp-content\/uploads\/2024\/11\/3-25-300x300.jpg 300w, https:\/\/www.cronicadeseverin.ro\/wp-content\/uploads\/2024\/11\/3-25-150x150.jpg 150w, https:\/\/www.cronicadeseverin.ro\/wp-content\/uploads\/2024\/11\/3-25-768x768.jpg 768w, https:\/\/www.cronicadeseverin.ro\/wp-content\/uploads\/2024\/11\/3-25.jpg 1000w\" sizes=\"auto, (max-width: 800px) 100vw, 800px\" \/><\/a><\/div>\n","protected":false},"excerpt":{"rendered":"<p>Ast&#259;zi am depus un proiect foarte important pentru atragerea de fonduri europene &icirc;n vederea reabilit&#259;rii &#537;i dot&#259;rii cl&#259;dirii fostei maternit&#259;&#539;i, situat&#259; pe Bulevardul Carol din Drobeta Turnu Severin. Este vorba despre obiectivul &ldquo;Reabilitare &#537;i dotare Sec&#539;ia Recuperare, Medicin&#259; Fizic&#259; &#537;i Balneologie din cadrul Spitalului Jude&#539;ean de Urgen&#539;&#259; Drobeta Turnu Severin&rdquo;, &icirc;n valoare de 135 757 [&hellip;]<\/p>\n","protected":false},"author":1,"featured_media":11344,"comment_status":"open","ping_status":"open","sticky":false,"template":"","format":"standard","meta":{"footnotes":""},"categories":[3995],"tags":[],"class_list":["post-11343","post","type-post","status-publish","format-standard","has-post-thumbnail","hentry","category-adv-psd"],"_links":{"self":[{"href":"https:\/\/www.cronicadeseverin.ro\/index.php?rest_route=\/wp\/v2\/posts\/11343","targetHints":{"allow":["GET"]}}],"collection":[{"href":"https:\/\/www.cronicadeseverin.ro\/index.php?rest_route=\/wp\/v2\/posts"}],"about":[{"href":"https:\/\/www.cronicadeseverin.ro\/index.php?rest_route=\/wp\/v2\/types\/post"}],"author":[{"embeddable":true,"href":"https:\/\/www.cronicadeseverin.ro\/index.php?rest_route=\/wp\/v2\/users\/1"}],"replies":[{"embeddable":true,"href":"https:\/\/www.cronicadeseverin.ro\/index.php?rest_route=%2Fwp%2Fv2%2Fcomments&post=11343"}],"version-history":[{"count":1,"href":"https:\/\/www.cronicadeseverin.ro\/index.php?rest_route=\/wp\/v2\/posts\/11343\/revisions"}],"predecessor-version":[{"id":11347,"href":"https:\/\/www.cronicadeseverin.ro\/index.php?rest_route=\/wp\/v2\/posts\/11343\/revisions\/11347"}],"wp:featuredmedia":[{"embeddable":true,"href":"https:\/\/www.cronicadeseverin.ro\/index.php?rest_route=\/wp\/v2\/media\/11344"}],"wp:attachment":[{"href":"https:\/\/www.cronicadeseverin.ro\/index.php?rest_route=%2Fwp%2Fv2%2Fmedia&parent=11343"}],"wp:term":[{"taxonomy":"category","embeddable":true,"href":"https:\/\/www.cronicadeseverin.ro\/index.php?rest_route=%2Fwp%2Fv2%2Fcategories&post=11343"},{"taxonomy":"post_tag","embeddable":true,"href":"https:\/\/www.cronicadeseverin.ro\/index.php?rest_route=%2Fwp%2Fv2%2Ftags&post=11343"}],"curies":[{"name":"wp","href":"https:\/\/api.w.org\/{rel}","templated":true}]}}