{"id":11337,"date":"2024-11-21T11:32:27","date_gmt":"2024-11-21T08:32:27","guid":{"rendered":"https:\/\/www.cronicadeseverin.ro\/?p=11337"},"modified":"2024-11-21T11:32:27","modified_gmt":"2024-11-21T08:32:27","slug":"astazi-in-targul-de-la-cerneti-am-stat-de-vorba-cu-oamenii-despre-importanta-alegerilor","status":"publish","type":"post","link":"https:\/\/www.cronicadeseverin.ro\/?p=11337","title":{"rendered":"Ast\u0103zi, \u00een t\u00e2rgul de la Cerne\u021bi, am stat de vorb\u0103 cu oamenii despre importan\u021ba alegerilor"},"content":{"rendered":"<div class=\"xdj266r x11i5rnm xat24cr x1mh8g0r x1vvkbs x126k92a\">\n<div dir=\"auto\">Ast\u0103zi, \u00een t\u00e2rgul de la Cerne\u021bi, am stat de vorb\u0103 cu oamenii despre importan\u021ba alegerilor preziden\u021biale de la sf\u00e2r\u0219itul acestei s\u0103pt\u0103m\u00e2ni, despre candidatul PSD, Marcel Ciolacu, singurul om care poate aduce stabilitate \u0219i dezvoltare \u00een toate zonele \u021b\u0103rii, dar \u0219i despre alegerile parlamentare din data de 1 decembrie.<\/div>\n<\/div>\n<div class=\"x11i5rnm xat24cr x1mh8g0r x1vvkbs xtlvy1s x126k92a\">\n<div dir=\"auto\">Am fost la Cerne\u021bi, al\u0103turi de deputatul Alin Chiril\u0103, candida\u021bii la alegerile parlamentare, Bianca Dima, Alisa Alstani \u0219i Drago\u0219 Barbu, pre\u0219edintele Organiza\u021biei de Tineret, Alexandru Cojocaru \u0219i echipele de tineret,<\/div>\n<\/div>\n<div class=\"x11i5rnm xat24cr x1mh8g0r x1vvkbs xtlvy1s x126k92a\">\n<div dir=\"auto\">Calea sigur\u0103 pentru Rom\u00e2nia este direc\u021bia propus\u0103 de Marcel Ciolacu pentru o Rom\u00e2nie stabil\u0103 \u0219i echitabil\u0103, o Rom\u00e2nie care pune cet\u0103\u021beanul pe primul loc \u0219i sprijin\u0103 fiecare comunitate, indiferent de m\u0103rimea sau localizarea acesteia.<\/div>\n<\/div>\n<div class=\"x11i5rnm xat24cr x1mh8g0r x1vvkbs xtlvy1s x126k92a\">\n<div dir=\"auto\">Priorit\u0103\u021bile noastre:<\/div>\n<\/div>\n<div class=\"x11i5rnm xat24cr x1mh8g0r x1vvkbs xtlvy1s x126k92a\">\n<div dir=\"auto\">\u2022 Investi\u021bii \u00een comunit\u0103\u021bile locale pentru a dezvolta economia \u0219i a crea locuri de munc\u0103.<\/div>\n<div dir=\"auto\">\u2022 Cre\u0219terea calit\u0103\u021bii vie\u021bii \u0219i protejarea drepturilor sociale.<\/div>\n<div dir=\"auto\">\u2022 Colaborare eficient\u0103 \u00eentre autorit\u0103\u021bile locale \u0219i centrale pentru o administra\u021bie eficient\u0103, aproape de nevoile oamenilor.<\/div>\n<\/div>\n<div class=\"x11i5rnm xat24cr x1mh8g0r x1vvkbs xtlvy1s x126k92a\">\n<div dir=\"auto\">PSD este echipa care construie\u0219te cu responsabilitate \u0219i care lupt\u0103 pentru o \u021bar\u0103 \u00een care fiecare voce conteaz\u0103!<\/div>\n<div dir=\"auto\"><\/div>\n<\/div>\n<div dir=\"auto\">Comandat de Partidul Social Democrat-PSD-Organiza\u021bia Jude\u021bean\u0103 MEHEDIN\u021aI<br \/>\nExecutat de SC CRONICA DE SEVERIN SRL<br \/>\nCMF 11240017<\/div>\n<div dir=\"auto\"><a href=\"https:\/\/www.cronicadeseverin.ro\/?attachment_id=11338\" rel=\"attachment wp-att-11338\"><img loading=\"lazy\" decoding=\"async\" class=\"aligncenter size-large wp-image-11338\" src=\"https:\/\/www.cronicadeseverin.ro\/wp-content\/uploads\/2024\/11\/1-25-800x600.jpg\" alt=\"\" width=\"800\" height=\"600\" \/><\/a> <a href=\"https:\/\/www.cronicadeseverin.ro\/?attachment_id=11339\" rel=\"attachment wp-att-11339\"><img loading=\"lazy\" decoding=\"async\" class=\"aligncenter size-large wp-image-11339\" src=\"https:\/\/www.cronicadeseverin.ro\/wp-content\/uploads\/2024\/11\/2-25-800x600.jpg\" alt=\"\" width=\"800\" height=\"600\" \/><\/a> <a href=\"https:\/\/www.cronicadeseverin.ro\/?attachment_id=11340\" rel=\"attachment wp-att-11340\"><img loading=\"lazy\" decoding=\"async\" class=\"aligncenter size-large wp-image-11340\" src=\"https:\/\/www.cronicadeseverin.ro\/wp-content\/uploads\/2024\/11\/3-24-800x600.jpg\" alt=\"\" width=\"800\" height=\"600\" \/><\/a><\/div>\n","protected":false},"excerpt":{"rendered":"<p>Ast&#259;zi, &icirc;n t&acirc;rgul de la Cerne&#539;i, am stat de vorb&#259; cu oamenii despre importan&#539;a alegerilor preziden&#539;iale de la sf&acirc;r&#537;itul acestei s&#259;pt&#259;m&acirc;ni, despre candidatul PSD, Marcel Ciolacu, singurul om care poate aduce stabilitate &#537;i dezvoltare &icirc;n toate zonele &#539;&#259;rii, dar &#537;i despre alegerile parlamentare din data de 1 decembrie. Am fost la Cerne&#539;i, al&#259;turi de deputatul [&hellip;]<\/p>\n","protected":false},"author":1,"featured_media":11338,"comment_status":"open","ping_status":"open","sticky":false,"template":"","format":"standard","meta":{"footnotes":""},"categories":[3995],"tags":[],"class_list":["post-11337","post","type-post","status-publish","format-standard","has-post-thumbnail","hentry","category-adv-psd"],"_links":{"self":[{"href":"https:\/\/www.cronicadeseverin.ro\/index.php?rest_route=\/wp\/v2\/posts\/11337","targetHints":{"allow":["GET"]}}],"collection":[{"href":"https:\/\/www.cronicadeseverin.ro\/index.php?rest_route=\/wp\/v2\/posts"}],"about":[{"href":"https:\/\/www.cronicadeseverin.ro\/index.php?rest_route=\/wp\/v2\/types\/post"}],"author":[{"embeddable":true,"href":"https:\/\/www.cronicadeseverin.ro\/index.php?rest_route=\/wp\/v2\/users\/1"}],"replies":[{"embeddable":true,"href":"https:\/\/www.cronicadeseverin.ro\/index.php?rest_route=%2Fwp%2Fv2%2Fcomments&post=11337"}],"version-history":[{"count":1,"href":"https:\/\/www.cronicadeseverin.ro\/index.php?rest_route=\/wp\/v2\/posts\/11337\/revisions"}],"predecessor-version":[{"id":11341,"href":"https:\/\/www.cronicadeseverin.ro\/index.php?rest_route=\/wp\/v2\/posts\/11337\/revisions\/11341"}],"wp:featuredmedia":[{"embeddable":true,"href":"https:\/\/www.cronicadeseverin.ro\/index.php?rest_route=\/wp\/v2\/media\/11338"}],"wp:attachment":[{"href":"https:\/\/www.cronicadeseverin.ro\/index.php?rest_route=%2Fwp%2Fv2%2Fmedia&parent=11337"}],"wp:term":[{"taxonomy":"category","embeddable":true,"href":"https:\/\/www.cronicadeseverin.ro\/index.php?rest_route=%2Fwp%2Fv2%2Fcategories&post=11337"},{"taxonomy":"post_tag","embeddable":true,"href":"https:\/\/www.cronicadeseverin.ro\/index.php?rest_route=%2Fwp%2Fv2%2Ftags&post=11337"}],"curies":[{"name":"wp","href":"https:\/\/api.w.org\/{rel}","templated":true}]}}