{"id":10377,"date":"2024-07-02T10:35:47","date_gmt":"2024-07-02T07:35:47","guid":{"rendered":"https:\/\/www.cronicadeseverin.ro\/?p=10377"},"modified":"2024-07-02T10:40:04","modified_gmt":"2024-07-02T07:40:04","slug":"tensiuni-la-ce-oltenia","status":"publish","type":"post","link":"https:\/\/www.cronicadeseverin.ro\/?p=10377","title":{"rendered":"Tensiuni la CE Oltenia"},"content":{"rendered":"<p><a href=\"https:\/\/www.cronicadeseverin.ro\/?attachment_id=10206\" rel=\"attachment wp-att-10206\"><img loading=\"lazy\" decoding=\"async\" class=\"alignright wp-image-10206\" src=\"https:\/\/www.cronicadeseverin.ro\/wp-content\/uploads\/2024\/05\/excavator_minier_3-800x503.jpg\" alt=\"\" width=\"663\" height=\"417\" srcset=\"https:\/\/www.cronicadeseverin.ro\/wp-content\/uploads\/2024\/05\/excavator_minier_3-800x503.jpg 800w, https:\/\/www.cronicadeseverin.ro\/wp-content\/uploads\/2024\/05\/excavator_minier_3-300x189.jpg 300w, https:\/\/www.cronicadeseverin.ro\/wp-content\/uploads\/2024\/05\/excavator_minier_3-768x483.jpg 768w, https:\/\/www.cronicadeseverin.ro\/wp-content\/uploads\/2024\/05\/excavator_minier_3.jpg 1147w\" sizes=\"auto, (max-width: 663px) 100vw, 663px\" \/><\/a>Decizia conducerii CE Oltenia de a nu mai prelungi contractele de munc\u0103 pe perioad\u0103 determinat\u0103, pentru un num\u0103r de 124 angaja\u021bi, a st\u00e2rnit nemul\u021bumirea acestora \u0219i a dus la proteste \u00een fa\u021ba sediului societ\u0103\u021bii.<\/p>\n<p>Decizia a fost justificat\u0103 de necesitatea men\u021binerii echilibrul financiar, \u00een conformitate\u00a0 Planul de Restructurare \u0219i cu \u00eencadrarea \u00een Bugetul de Venituri \u0219i Cheltuieli aprobat pentru anul 2024.<\/p>\n<p>\u00cen urma protestului desf\u0103\u0219urat \u00een data de 1 iulie 2024, \u00een fa\u021ba sediului Complexului Energetic Oltenia, reprezentan\u021bii protestatarilor au fost primi\u021bi la discu\u021bii de c\u0103tre membrii Directoratului societ\u0103\u021bii \u0219i Directorul Direc\u021biei Resurse Umane. Scopul acestor discu\u021bii a fost g\u0103sirea unor solu\u021bii la nemul\u021bumirile exprimate de protestatari.<\/p>\n<p>Protestatarii au ridicat probleme legate de criteriile aplicatea pentru selectarea persoanelor c\u0103rora nu li s-au mai prelungit\u00a0 contractele de munc\u0103 pe perioad\u0103 determinat\u0103, sus\u021bin\u00e2nd c\u0103 acestea nu au fost aplicate corect. De asemenea oamenii sus\u021bin c\u0103 sunt \u00een situa\u021bii sociale dificile, unii av\u00e2nd copii mici \u00een \u00eentre\u021binere, al\u021bii fiind \u00een pragul pensiei.<\/p>\n<p>Nemul\u021bumi\u021bi de r\u0103spunsul primit din partea conducerii, ieri, 01.07.2024, mai mul\u021bi protestatari intrat \u00een greva foameni.<\/p>\n","protected":false},"excerpt":{"rendered":"<p>Decizia conducerii CE Oltenia de a nu mai prelungi contractele de munc&#259; pe perioad&#259; determinat&#259;, pentru un num&#259;r de 124 angaja&#539;i, a st&acirc;rnit nemul&#539;umirea acestora &#537;i a dus la proteste &icirc;n fa&#539;a sediului societ&#259;&#539;ii. Decizia a fost justificat&#259; de necesitatea men&#539;inerii echilibrul financiar, &icirc;n conformitate&nbsp; Planul de Restructurare &#537;i cu &icirc;ncadrarea &icirc;n Bugetul de Venituri [&hellip;]<\/p>\n","protected":false},"author":1,"featured_media":10379,"comment_status":"open","ping_status":"open","sticky":false,"template":"","format":"standard","meta":{"footnotes":""},"categories":[4],"tags":[],"class_list":["post-10377","post","type-post","status-publish","format-standard","has-post-thumbnail","hentry","category-stiri"],"_links":{"self":[{"href":"https:\/\/www.cronicadeseverin.ro\/index.php?rest_route=\/wp\/v2\/posts\/10377","targetHints":{"allow":["GET"]}}],"collection":[{"href":"https:\/\/www.cronicadeseverin.ro\/index.php?rest_route=\/wp\/v2\/posts"}],"about":[{"href":"https:\/\/www.cronicadeseverin.ro\/index.php?rest_route=\/wp\/v2\/types\/post"}],"author":[{"embeddable":true,"href":"https:\/\/www.cronicadeseverin.ro\/index.php?rest_route=\/wp\/v2\/users\/1"}],"replies":[{"embeddable":true,"href":"https:\/\/www.cronicadeseverin.ro\/index.php?rest_route=%2Fwp%2Fv2%2Fcomments&post=10377"}],"version-history":[{"count":2,"href":"https:\/\/www.cronicadeseverin.ro\/index.php?rest_route=\/wp\/v2\/posts\/10377\/revisions"}],"predecessor-version":[{"id":10380,"href":"https:\/\/www.cronicadeseverin.ro\/index.php?rest_route=\/wp\/v2\/posts\/10377\/revisions\/10380"}],"wp:featuredmedia":[{"embeddable":true,"href":"https:\/\/www.cronicadeseverin.ro\/index.php?rest_route=\/wp\/v2\/media\/10379"}],"wp:attachment":[{"href":"https:\/\/www.cronicadeseverin.ro\/index.php?rest_route=%2Fwp%2Fv2%2Fmedia&parent=10377"}],"wp:term":[{"taxonomy":"category","embeddable":true,"href":"https:\/\/www.cronicadeseverin.ro\/index.php?rest_route=%2Fwp%2Fv2%2Fcategories&post=10377"},{"taxonomy":"post_tag","embeddable":true,"href":"https:\/\/www.cronicadeseverin.ro\/index.php?rest_route=%2Fwp%2Fv2%2Ftags&post=10377"}],"curies":[{"name":"wp","href":"https:\/\/api.w.org\/{rel}","templated":true}]}}