{"id":10358,"date":"2024-07-04T10:36:59","date_gmt":"2024-07-04T07:36:59","guid":{"rendered":"https:\/\/www.cronicadeseverin.ro\/?p=10358"},"modified":"2024-06-27T10:49:22","modified_gmt":"2024-06-27T07:49:22","slug":"noi-sisteme-de-siguranta-obligatorii-de-la-1-iulie","status":"publish","type":"post","link":"https:\/\/www.cronicadeseverin.ro\/?p=10358","title":{"rendered":"Noi sisteme de siguran\u021b\u0103 obligatorii de la 1 iulie"},"content":{"rendered":"<p>\u00cencep\u00e2nd cu 1 iulie 2024, Uniunea European\u0103 va introduce noi sisteme de siguran\u021b\u0103 obligatorii pentru toate ma\u0219inile noi, al\u0103turi de cutia neagr\u0103 \u0219i sistemul de limitare a vitezei (ISA). \u00cen \u00eencercarea de a limita num\u0103rul accidentelor de circula\u021bie, UE introduce noi reguli pentru ma\u0219inile produse \u00een statele membre, valabile de la 1 iulie 2024. Iat\u0103 care sunt aceste sisteme esen\u021biale pentru sporirea siguran\u021bei pasagerilor \u0219i pietonilor, pe l\u00e2ng\u0103 cutia neagr\u0103 \u0219i sistemul ISA:<\/p>\n<p>Interfa\u021b\u0103 pentru dispozitive antidemaraj cu etilotest: Permite instalarea ulterioar\u0103 a unui echipament care detecteaz\u0103 dac\u0103 \u0219oferul a consumat alcool, \u00eempiedic\u00e2nd pornirea ma\u0219inii, \u00een caz de consum.<\/p>\n<p>Sistem de avertizare a neaten\u021biei \u0219i a st\u0103rii de oboseal\u0103 a \u0219oferului: Utilizeaz\u0103 senzori \u0219i camere pentru a analiza comportamentul \u0219oferului, avertiz\u00e2ndu-l asupra lipsei de aten\u021bie sau oboselii.<\/p>\n<p>Sistem de avertizare pentru oprirea de urgen\u021b\u0103: Activeaz\u0103 automat luminile de avarie \u00een caz de fr\u00e2nare brusc\u0103, alert\u00e2nd ceilal\u021bi participan\u021bi la trafic.<\/p>\n<p>Sistem de avertizare la mersul \u00eenapoi: Ma\u0219inile trebuie s\u0103 fie echipate obligatoriu cu senzori \u0219i camere pentru mersul \u00eenapoi.<\/p>\n<p>Sistem avansat de fr\u00e2nare de urgen\u021b\u0103 (Autonomous Emergency Braking &#8211; AEB): Ac\u021bioneaz\u0103 automat fr\u00e2nele pentru a evita coliziunile iminente.<\/p>\n<p>Sistem de men\u021binere a benzii: Avertizeaz\u0103 \u0219oferul \u0219i corecteaz\u0103 automat traiectoria vehiculului pentru a preveni p\u0103r\u0103sirea accidental\u0103 a benzii de mers.<\/p>\n<p>Sistem de monitorizare a presiunii \u00een pneuri: Asigur\u0103 men\u021binerea unei presiuni corecte \u00een pneuri pentru a evita accidentele.<\/p>\n<p>Cutia neagr\u0103 din ma\u0219in\u0103, similar\u0103 cu cele prezente \u00een avioane, va deveni obligatorie pentru toate vehiculele noi \u00eenmatriculate \u00een UE \u00eencep\u00e2nd cu 7 iulie 2024 conform Regulamentului 2019\/2144. Aceasta \u00eenregistreaz\u0103 date \u00een timpul conducerii \u0219i poate furniza informa\u021bii cruciale \u00een caz de accident.<\/p>\n<p>Iar Sistemul de Asisten\u021b\u0103 Inteligent\u0103 pentru Vitez\u0103 (ISA) afi\u0219eaz\u0103 \u0219i monitorizeaz\u0103 limita de vitez\u0103 detectat\u0103, oferind avertismente vizuale \u0219i sonore atunci c\u00e2nd aceasta este dep\u0103\u0219it\u0103, \u00een unele cazuri poate chiar reduce automat viteza vehiculului la limita maxim\u0103 prescris\u0103. Scopul acestui asistent de vitez\u0103 este s\u0103 \u00eencurajeze \u0219oferii s\u0103 respecte limitele legale de vitez\u0103.<\/p>\n<p><a href=\"https:\/\/www.cronicadeseverin.ro\/?attachment_id=10366\" rel=\"attachment wp-att-10366\"><img loading=\"lazy\" decoding=\"async\" class=\"alignleft size-large wp-image-10366\" src=\"https:\/\/www.cronicadeseverin.ro\/wp-content\/uploads\/2024\/07\/cutia-neagra-800x450.jpg\" alt=\"\" width=\"800\" height=\"450\" srcset=\"https:\/\/www.cronicadeseverin.ro\/wp-content\/uploads\/2024\/07\/cutia-neagra-800x450.jpg 800w, https:\/\/www.cronicadeseverin.ro\/wp-content\/uploads\/2024\/07\/cutia-neagra-300x169.jpg 300w, https:\/\/www.cronicadeseverin.ro\/wp-content\/uploads\/2024\/07\/cutia-neagra-768x432.jpg 768w, https:\/\/www.cronicadeseverin.ro\/wp-content\/uploads\/2024\/07\/cutia-neagra-678x381.jpg 678w, https:\/\/www.cronicadeseverin.ro\/wp-content\/uploads\/2024\/07\/cutia-neagra.jpg 1200w\" sizes=\"auto, (max-width: 800px) 100vw, 800px\" \/><\/a><\/p>\n","protected":false},"excerpt":{"rendered":"<p>&Icirc;ncep&acirc;nd cu 1 iulie 2024, Uniunea European&#259; va introduce noi sisteme de siguran&#539;&#259; obligatorii pentru toate ma&#537;inile noi, al&#259;turi de cutia neagr&#259; &#537;i sistemul de limitare a vitezei (ISA). &Icirc;n &icirc;ncercarea de a limita num&#259;rul accidentelor de circula&#539;ie, UE introduce noi reguli pentru ma&#537;inile produse &icirc;n statele membre, valabile de la 1 iulie 2024. Iat&#259; [&hellip;]<\/p>\n","protected":false},"author":1,"featured_media":10366,"comment_status":"open","ping_status":"open","sticky":false,"template":"","format":"standard","meta":{"footnotes":""},"categories":[4],"tags":[3830,3829,3832,3831],"class_list":["post-10358","post","type-post","status-publish","format-standard","has-post-thumbnail","hentry","category-stiri","tag-cutia-neagra","tag-etilotest","tag-sistemul-de-asistenta-inteligenta-pentru-viteza","tag-sistemul-isa"],"_links":{"self":[{"href":"https:\/\/www.cronicadeseverin.ro\/index.php?rest_route=\/wp\/v2\/posts\/10358","targetHints":{"allow":["GET"]}}],"collection":[{"href":"https:\/\/www.cronicadeseverin.ro\/index.php?rest_route=\/wp\/v2\/posts"}],"about":[{"href":"https:\/\/www.cronicadeseverin.ro\/index.php?rest_route=\/wp\/v2\/types\/post"}],"author":[{"embeddable":true,"href":"https:\/\/www.cronicadeseverin.ro\/index.php?rest_route=\/wp\/v2\/users\/1"}],"replies":[{"embeddable":true,"href":"https:\/\/www.cronicadeseverin.ro\/index.php?rest_route=%2Fwp%2Fv2%2Fcomments&post=10358"}],"version-history":[{"count":3,"href":"https:\/\/www.cronicadeseverin.ro\/index.php?rest_route=\/wp\/v2\/posts\/10358\/revisions"}],"predecessor-version":[{"id":10368,"href":"https:\/\/www.cronicadeseverin.ro\/index.php?rest_route=\/wp\/v2\/posts\/10358\/revisions\/10368"}],"wp:featuredmedia":[{"embeddable":true,"href":"https:\/\/www.cronicadeseverin.ro\/index.php?rest_route=\/wp\/v2\/media\/10366"}],"wp:attachment":[{"href":"https:\/\/www.cronicadeseverin.ro\/index.php?rest_route=%2Fwp%2Fv2%2Fmedia&parent=10358"}],"wp:term":[{"taxonomy":"category","embeddable":true,"href":"https:\/\/www.cronicadeseverin.ro\/index.php?rest_route=%2Fwp%2Fv2%2Fcategories&post=10358"},{"taxonomy":"post_tag","embeddable":true,"href":"https:\/\/www.cronicadeseverin.ro\/index.php?rest_route=%2Fwp%2Fv2%2Ftags&post=10358"}],"curies":[{"name":"wp","href":"https:\/\/api.w.org\/{rel}","templated":true}]}}