{"id":10219,"date":"2024-05-31T12:08:16","date_gmt":"2024-05-31T09:08:16","guid":{"rendered":"https:\/\/www.cronicadeseverin.ro\/?p=10219"},"modified":"2024-06-01T12:11:10","modified_gmt":"2024-06-01T09:11:10","slug":"alaturi-de-oamenii-din-vanatori-si-de-primarul-narcis-percea","status":"publish","type":"post","link":"https:\/\/www.cronicadeseverin.ro\/?p=10219","title":{"rendered":"Al\u0103turi de oamenii din V\u00e2n\u0103tori \u0219i de primarul Narcis Percea"},"content":{"rendered":"<div class=\"xdj266r x11i5rnm xat24cr x1mh8g0r x1vvkbs x126k92a\">\n<div dir=\"auto\">\u00cen aceast\u0103 sear\u0103, al\u0103turi de oamenii din V\u00e2n\u0103tori \u0219i de primarul Narcis Percea.<\/div>\n<div dir=\"auto\"><\/div>\n<div dir=\"auto\">Bucuro\u0219i s\u0103 primim cuvinte frumoase \u0219i sus\u021binere din partea celor pentru care muncim \u00een administra\u021bie!<\/div>\n<div dir=\"auto\"><\/div>\n<div dir=\"auto\">Mul\u021bumim pentru \u00eencredere!<\/div>\n<\/div>\n<div class=\"x11i5rnm xat24cr x1mh8g0r x1vvkbs xtlvy1s x126k92a\">\n<div dir=\"auto\"><\/div>\n<div dir=\"auto\">Partidul Social Democrat &#8211; Organiza\u021bia Mehedin\u021bi, CMF 21240002<\/div>\n<div dir=\"auto\"><a href=\"https:\/\/www.cronicadeseverin.ro\/?attachment_id=10223\" rel=\"attachment wp-att-10223\"><img loading=\"lazy\" decoding=\"async\" class=\"alignleft size-large wp-image-10223\" src=\"https:\/\/www.cronicadeseverin.ro\/wp-content\/uploads\/2024\/06\/1-1-800x600.jpg\" alt=\"\" width=\"800\" height=\"600\" \/><\/a> <a href=\"https:\/\/www.cronicadeseverin.ro\/?attachment_id=10224\" rel=\"attachment wp-att-10224\"><img loading=\"lazy\" decoding=\"async\" class=\"alignleft size-large wp-image-10224\" src=\"https:\/\/www.cronicadeseverin.ro\/wp-content\/uploads\/2024\/06\/2-1-800x600.jpg\" alt=\"\" width=\"800\" height=\"600\" \/><\/a> <a href=\"https:\/\/www.cronicadeseverin.ro\/?attachment_id=10225\" rel=\"attachment wp-att-10225\"><img loading=\"lazy\" decoding=\"async\" class=\"alignleft size-large wp-image-10225\" src=\"https:\/\/www.cronicadeseverin.ro\/wp-content\/uploads\/2024\/06\/3-1-800x600.jpg\" alt=\"\" width=\"800\" height=\"600\" \/><\/a><\/div>\n<\/div>\n","protected":false},"excerpt":{"rendered":"<p>&Icirc;n aceast&#259; sear&#259;, al&#259;turi de oamenii din V&acirc;n&#259;tori &#537;i de primarul Narcis Percea. Bucuro&#537;i s&#259; primim cuvinte frumoase &#537;i sus&#539;inere din partea celor pentru care muncim &icirc;n administra&#539;ie! Mul&#539;umim pentru &icirc;ncredere! Partidul Social Democrat &ndash; Organiza&#539;ia Mehedin&#539;i, CMF 21240002<\/p>\n","protected":false},"author":1,"featured_media":10223,"comment_status":"open","ping_status":"open","sticky":false,"template":"","format":"standard","meta":{"footnotes":""},"categories":[3795],"tags":[],"class_list":["post-10219","post","type-post","status-publish","format-standard","has-post-thumbnail","hentry","category-adevertorial-category"],"_links":{"self":[{"href":"https:\/\/www.cronicadeseverin.ro\/index.php?rest_route=\/wp\/v2\/posts\/10219","targetHints":{"allow":["GET"]}}],"collection":[{"href":"https:\/\/www.cronicadeseverin.ro\/index.php?rest_route=\/wp\/v2\/posts"}],"about":[{"href":"https:\/\/www.cronicadeseverin.ro\/index.php?rest_route=\/wp\/v2\/types\/post"}],"author":[{"embeddable":true,"href":"https:\/\/www.cronicadeseverin.ro\/index.php?rest_route=\/wp\/v2\/users\/1"}],"replies":[{"embeddable":true,"href":"https:\/\/www.cronicadeseverin.ro\/index.php?rest_route=%2Fwp%2Fv2%2Fcomments&post=10219"}],"version-history":[{"count":1,"href":"https:\/\/www.cronicadeseverin.ro\/index.php?rest_route=\/wp\/v2\/posts\/10219\/revisions"}],"predecessor-version":[{"id":10226,"href":"https:\/\/www.cronicadeseverin.ro\/index.php?rest_route=\/wp\/v2\/posts\/10219\/revisions\/10226"}],"wp:featuredmedia":[{"embeddable":true,"href":"https:\/\/www.cronicadeseverin.ro\/index.php?rest_route=\/wp\/v2\/media\/10223"}],"wp:attachment":[{"href":"https:\/\/www.cronicadeseverin.ro\/index.php?rest_route=%2Fwp%2Fv2%2Fmedia&parent=10219"}],"wp:term":[{"taxonomy":"category","embeddable":true,"href":"https:\/\/www.cronicadeseverin.ro\/index.php?rest_route=%2Fwp%2Fv2%2Fcategories&post=10219"},{"taxonomy":"post_tag","embeddable":true,"href":"https:\/\/www.cronicadeseverin.ro\/index.php?rest_route=%2Fwp%2Fv2%2Ftags&post=10219"}],"curies":[{"name":"wp","href":"https:\/\/api.w.org\/{rel}","templated":true}]}}