{"id":10207,"date":"2024-05-31T11:16:27","date_gmt":"2024-05-31T08:16:27","guid":{"rendered":"https:\/\/www.cronicadeseverin.ro\/?p=10207"},"modified":"2024-05-31T11:18:14","modified_gmt":"2024-05-31T08:18:14","slug":"dreapta-unita-pentru-rogova-si-vladaia","status":"publish","type":"post","link":"https:\/\/www.cronicadeseverin.ro\/?p=10207","title":{"rendered":"DREAPTA UNIT\u0102, PENTRU ROGOVA \u0218I VL\u0102DAIA"},"content":{"rendered":"<p><strong><em>Echipa Alian\u021bei Dreapta Unit\u0103 a a ajuns ast\u0103zi \u00een comunele Rogova \u0219i Vl\u0103daia, unde locuitorii spun c\u0103 a\u0219teapt\u0103 de mult\u0103 vreme o schimbare \u0219i atragerea de proiecte viabile de dezvoltare.<\/em><\/strong><\/p>\n<p>La Vl\u0103daia, timpul parc\u0103 s-a oprit \u00een loc, iar oamenii a\u0219tept\u0103 de ani \u0219i ani de zile ca via\u021ba lor s\u0103 se schimbe, din punct de vedere social \u0219i economic. Localnicii mai a\u0219teapt\u0103 \u0219i investi\u021bii serioas\u0103 \u00een infrastructur\u0103, iar la alegerile din 9 iunie sunt hot\u0103r\u00e2\u021bi s\u0103 voteze pentru schimbare.<\/p>\n<p>Candidatul Alian\u021bei Dreapta Unit\u0103 pentru func\u021bia de primar al comunei Vl\u0103daia \u0219i spune c\u0103 lucrurile trebuie urgent schimbate. La Vl\u0103daia \u00eenc\u0103 nu s-au emis toate titlurile de proprietate, iar arhiva din vechiul sediu al prim\u0103riei a fost aruncat\u0103 la gunoi.<\/p>\n<p>\u0218i la Rogova exist\u0103 numeroase neajunsuri, iar candidatul la func\u021bia de primar de aici, Ion Balaure, a mers ast\u0103zi printre oameni, al\u0103turi de Ramona Cup\u0103, candidatul pentru pre\u0219edin\u021bia Consiliului Jude\u021bean. Pentru a rezolva problemele din astfel de comune este nevoie \u00een primul r\u00e2nd ca oamenii s\u0103 iese la vot, iar candida\u021bii fac acest apel.<\/p>\n<p>Sunt \u00eenc\u0103 multe astfel de comune \u00een jude\u021bul Mehedin\u021bi, unde administra\u021biile locale nu au reu\u0219it s\u0103 performeze, iar solu\u021bia remedierii acestor deficien\u021be r\u0103m\u00e2ne votul masiv.<\/p>\n<p>CMF 21240022<\/p>\n<p><a href=\"https:\/\/www.cronicadeseverin.ro\/?attachment_id=10208\" rel=\"attachment wp-att-10208\"><img loading=\"lazy\" decoding=\"async\" class=\"alignleft size-large wp-image-10208\" src=\"https:\/\/www.cronicadeseverin.ro\/wp-content\/uploads\/2024\/05\/rogova-vladaia-1-800x540.jpg\" alt=\"\" width=\"800\" height=\"540\" \/><\/a> <a href=\"https:\/\/www.cronicadeseverin.ro\/?attachment_id=10209\" rel=\"attachment wp-att-10209\"><img loading=\"lazy\" decoding=\"async\" class=\"alignleft size-large wp-image-10209\" src=\"https:\/\/www.cronicadeseverin.ro\/wp-content\/uploads\/2024\/05\/rogova-vladaia-2-800x532.jpg\" alt=\"\" width=\"800\" height=\"532\" \/><\/a><\/p>\n","protected":false},"excerpt":{"rendered":"<p>Echipa Alian&#539;ei Dreapta Unit&#259; a a ajuns ast&#259;zi &icirc;n comunele Rogova &#537;i Vl&#259;daia, unde locuitorii spun c&#259; a&#537;teapt&#259; de mult&#259; vreme o schimbare &#537;i atragerea de proiecte viabile de dezvoltare. La Vl&#259;daia, timpul parc&#259; s-a oprit &icirc;n loc, iar oamenii a&#537;tept&#259; de ani &#537;i ani de zile ca via&#539;a lor s&#259; se schimbe, din punct [&hellip;]<\/p>\n","protected":false},"author":1,"featured_media":10209,"comment_status":"open","ping_status":"open","sticky":false,"template":"","format":"standard","meta":{"footnotes":""},"categories":[3795],"tags":[],"class_list":["post-10207","post","type-post","status-publish","format-standard","has-post-thumbnail","hentry","category-adevertorial-category"],"_links":{"self":[{"href":"https:\/\/www.cronicadeseverin.ro\/index.php?rest_route=\/wp\/v2\/posts\/10207","targetHints":{"allow":["GET"]}}],"collection":[{"href":"https:\/\/www.cronicadeseverin.ro\/index.php?rest_route=\/wp\/v2\/posts"}],"about":[{"href":"https:\/\/www.cronicadeseverin.ro\/index.php?rest_route=\/wp\/v2\/types\/post"}],"author":[{"embeddable":true,"href":"https:\/\/www.cronicadeseverin.ro\/index.php?rest_route=\/wp\/v2\/users\/1"}],"replies":[{"embeddable":true,"href":"https:\/\/www.cronicadeseverin.ro\/index.php?rest_route=%2Fwp%2Fv2%2Fcomments&post=10207"}],"version-history":[{"count":1,"href":"https:\/\/www.cronicadeseverin.ro\/index.php?rest_route=\/wp\/v2\/posts\/10207\/revisions"}],"predecessor-version":[{"id":10210,"href":"https:\/\/www.cronicadeseverin.ro\/index.php?rest_route=\/wp\/v2\/posts\/10207\/revisions\/10210"}],"wp:featuredmedia":[{"embeddable":true,"href":"https:\/\/www.cronicadeseverin.ro\/index.php?rest_route=\/wp\/v2\/media\/10209"}],"wp:attachment":[{"href":"https:\/\/www.cronicadeseverin.ro\/index.php?rest_route=%2Fwp%2Fv2%2Fmedia&parent=10207"}],"wp:term":[{"taxonomy":"category","embeddable":true,"href":"https:\/\/www.cronicadeseverin.ro\/index.php?rest_route=%2Fwp%2Fv2%2Fcategories&post=10207"},{"taxonomy":"post_tag","embeddable":true,"href":"https:\/\/www.cronicadeseverin.ro\/index.php?rest_route=%2Fwp%2Fv2%2Ftags&post=10207"}],"curies":[{"name":"wp","href":"https:\/\/api.w.org\/{rel}","templated":true}]}}