{"id":10156,"date":"2024-05-28T08:13:46","date_gmt":"2024-05-28T08:13:46","guid":{"rendered":"https:\/\/www.cronicadeseverin.ro\/?p=10156"},"modified":"2024-05-31T11:24:48","modified_gmt":"2024-05-31T08:24:48","slug":"dreapta-unita-la-brosteni-si-podeni","status":"publish","type":"post","link":"https:\/\/www.cronicadeseverin.ro\/?p=10156","title":{"rendered":"DREAPTA UNIT\u0102, LA BRO\u0218TENI \u0218I PODENI"},"content":{"rendered":"<p><strong><em>A fost o zi de duminic\u0103 \u00eenc\u0103rcat\u0103 pentru echipa de campanie DREAPTA UNIT\u0102, care a stat de vorb\u0103 cu oamenii veni\u021bi la celebrul t\u00e2rg de la Bro\u0219teni, dar \u0219i cu cei care locuiesc \u00een pitoreasc\u0103 comun\u0103 montan\u0103 Podeni.<\/em><\/strong><\/p>\n<p>\u00cempreun\u0103 cu candida\u021bii DREAPTA UNIT\u0102, Ramona Cup\u0103, candidatul alian\u021bei pentru pre\u0219edin\u021bia Consiliului Jude\u021bean Mehedin\u021bi, au str\u0103b\u0103tut duminic\u0103 diminea\u021b\u0103 diminea\u021b\u0103 celebrul t\u00e2rg din BRO\u0218TENI, unde au discutat cu oamenii despre proiecte \u0219i solu\u021bii. Ca \u00een fiecare duminic\u0103, \u00een acest t\u00e2rg este mult\u0103 anima\u021bie, iar comuna vibreaz\u0103. Printre concluziile subliniate de majoritatea celor care au discutat ast\u0103zi cu echipa de campanie predomin\u0103 necesitatea instituirii unei administra\u021bii locale profesionist\u0103 \u0219i mereu \u00een slujba cet\u0103\u021benilor. Dreapta Unit\u0103 se afl\u0103 la num\u0103rul 4 pe buletinu de vot, iar cet\u0103\u021benii de aici pot da o \u0219ans\u0103 acestei alian\u021be \u0219a conducerea comunei Bro\u0219teni. Totu\u0219i, chiar dac\u0103 t\u00e2rgul duminicat este unul foarte frumos amenajat \u0219i c\u0103utat, comuna are \u0219i problem r\u0103mase nerezolvate mult\u0103 vreme.<\/p>\n<p><strong>DUMITRU OLTEANU, candidatul DREPTA UNIT\u0102 pentru func\u021bia de primar la Bro\u0219teni, inginer de profesie, spune c\u0103 \u00ee\u0219i dore\u0219te s\u0103 aduc\u0103 investi\u021bii \u00een comun\u0103, pentru ca tinerii s\u0103 nu mai plece de aici \u0219i poate chiar s\u0103 se \u00eentoarc\u0103 acas\u0103. El a vorbit despre alimentarea cu gaze, despre introducerea apei potabile \u00een comun\u0103, crearea de locuri de munc\u0103 \u0219i chiar de \u00eenfiin\u021barea unui parc fotovoltaic.<\/strong><\/p>\n<p>\u0218i \u00een comuna Podeni, una dintre cele mai pitore\u0219ti din Mun\u021bii Mehedin\u021biului, echipa de campanie DREAPTA UNIT\u0102 a ajuns \u0219i i-a g\u0103sit pe localnici la cea mai mare s\u0103rb\u0103toare a satului, sugestiv intitulat\u0103 NEDEEA MUN\u021aILOR. Zona este una superb\u0103, dar din p\u0103cate poten\u021bialul turistic este neexploatat suficient, aici fiind doar o singur\u0103 pensiune, \u00een satul Gornen\u021bi. De altfel, \u00eenso\u021bit de Ramona Cup\u0103 candidatul Dreptei Unite pentru func\u021bia de pre\u0219edinte al Consiliului Jude\u021bean, Romeo Birovescu, cel care candideaz\u0103 pentru func\u021bia de primar la Podeni a vorbit despre \u0219ansa uria\u0219\u0103 pe care turismul ar putea s\u0103 o ofere dezvolt\u0103rii economice \u0219i sociale din zon\u0103.<\/p>\n<p><strong>ROMEO BIROVESCU, candidatul DREPTA UNIT\u0102 pentru Prim\u0103ria Podeni, a precizat c\u0103 dore\u0219te s\u0103 vin\u0103 cu proiecte de investi\u021bii \u00een turism. <\/strong><\/p>\n<p>Dreapta Unit\u0103 respect\u0103 tradi\u021biile \u0219i obiceiurile oamenilor muntelui din Mehedin\u021bi \u0219i \u00ee\u0219i dore\u0219te promovarea zonei \u0219i exploatarea inteligen\u021b\u0103 poten\u021bialului turistic de aici.<\/p>\n<p>CMF 21240022<a href=\"https:\/\/www.cronicadeseverin.ro\/?attachment_id=10157\" rel=\"attachment wp-att-10157\"><img loading=\"lazy\" decoding=\"async\" class=\"alignleft size-large wp-image-10157\" src=\"https:\/\/www.cronicadeseverin.ro\/wp-content\/uploads\/2024\/05\/foto-1-800x520.jpg\" alt=\"\" width=\"800\" height=\"520\" \/><\/a> <a href=\"https:\/\/www.cronicadeseverin.ro\/?attachment_id=10158\" rel=\"attachment wp-att-10158\"><img loading=\"lazy\" decoding=\"async\" class=\"alignleft size-large wp-image-10158\" src=\"https:\/\/www.cronicadeseverin.ro\/wp-content\/uploads\/2024\/05\/foto-2-800x513.jpg\" alt=\"\" width=\"800\" height=\"513\" \/><\/a><\/p>\n<p>&nbsp;<\/p>\n","protected":false},"excerpt":{"rendered":"<p>A fost o zi de duminic&#259; &icirc;nc&#259;rcat&#259; pentru echipa de campanie DREAPTA UNIT&#258;, care a stat de vorb&#259; cu oamenii veni&#539;i la celebrul t&acirc;rg de la Bro&#537;teni, dar &#537;i cu cei care locuiesc &icirc;n pitoreasc&#259; comun&#259; montan&#259; Podeni. &Icirc;mpreun&#259; cu candida&#539;ii DREAPTA UNIT&#258;, Ramona Cup&#259;, candidatul alian&#539;ei pentru pre&#537;edin&#539;ia Consiliului Jude&#539;ean Mehedin&#539;i, au str&#259;b&#259;tut duminic&#259; [&hellip;]<\/p>\n","protected":false},"author":1,"featured_media":10158,"comment_status":"open","ping_status":"open","sticky":false,"template":"","format":"standard","meta":{"footnotes":""},"categories":[3795],"tags":[],"class_list":["post-10156","post","type-post","status-publish","format-standard","has-post-thumbnail","hentry","category-adevertorial-category"],"_links":{"self":[{"href":"https:\/\/www.cronicadeseverin.ro\/index.php?rest_route=\/wp\/v2\/posts\/10156","targetHints":{"allow":["GET"]}}],"collection":[{"href":"https:\/\/www.cronicadeseverin.ro\/index.php?rest_route=\/wp\/v2\/posts"}],"about":[{"href":"https:\/\/www.cronicadeseverin.ro\/index.php?rest_route=\/wp\/v2\/types\/post"}],"author":[{"embeddable":true,"href":"https:\/\/www.cronicadeseverin.ro\/index.php?rest_route=\/wp\/v2\/users\/1"}],"replies":[{"embeddable":true,"href":"https:\/\/www.cronicadeseverin.ro\/index.php?rest_route=%2Fwp%2Fv2%2Fcomments&post=10156"}],"version-history":[{"count":1,"href":"https:\/\/www.cronicadeseverin.ro\/index.php?rest_route=\/wp\/v2\/posts\/10156\/revisions"}],"predecessor-version":[{"id":10159,"href":"https:\/\/www.cronicadeseverin.ro\/index.php?rest_route=\/wp\/v2\/posts\/10156\/revisions\/10159"}],"wp:featuredmedia":[{"embeddable":true,"href":"https:\/\/www.cronicadeseverin.ro\/index.php?rest_route=\/wp\/v2\/media\/10158"}],"wp:attachment":[{"href":"https:\/\/www.cronicadeseverin.ro\/index.php?rest_route=%2Fwp%2Fv2%2Fmedia&parent=10156"}],"wp:term":[{"taxonomy":"category","embeddable":true,"href":"https:\/\/www.cronicadeseverin.ro\/index.php?rest_route=%2Fwp%2Fv2%2Fcategories&post=10156"},{"taxonomy":"post_tag","embeddable":true,"href":"https:\/\/www.cronicadeseverin.ro\/index.php?rest_route=%2Fwp%2Fv2%2Ftags&post=10156"}],"curies":[{"name":"wp","href":"https:\/\/api.w.org\/{rel}","templated":true}]}}