{"id":10148,"date":"2024-05-26T08:07:22","date_gmt":"2024-05-26T08:07:22","guid":{"rendered":"https:\/\/www.cronicadeseverin.ro\/?p=10148"},"modified":"2024-05-31T11:25:18","modified_gmt":"2024-05-31T08:25:18","slug":"traditie-si-folclor-in-comuna-godeanu","status":"publish","type":"post","link":"https:\/\/www.cronicadeseverin.ro\/?p=10148","title":{"rendered":"TRADI\u021aIE \u0218I FOLCLOR \u00ceN COMUNA GODEANU"},"content":{"rendered":"<div class=\"x11i5rnm xat24cr x1mh8g0r x1vvkbs xtlvy1s x126k92a\">\n<div dir=\"auto\">Zona de nord a jude\u021bului Mehedin\u021bi a fost \u00eensufle\u021bit\u0103 ast\u0103zi de mii de oameni care au participat la s\u0103rb\u0103toarea Zilelor Comunei Godeanu, eveniment ajuns la edi\u021bia a XIII-a!<\/div>\n<div dir=\"auto\"><\/div>\n<div dir=\"auto\">Aceast\u0103 edi\u021bie a fost cu totul deosebit\u0103 \u00een sensul \u00een care foarte mul\u021bi copii au purtat cu gra\u021bie costume populare, au c\u00e2ntat melodii populare \u0219i ne-au dat, nou\u0103, celorlal\u021bi participan\u021bi, sentimentul c\u0103 tradi\u021bia \u0219i unicitatea zonei este pe m\u00e2ini bune \u0219i ne vom bucura de ele \u00een continuare.<\/div>\n<div dir=\"auto\"><\/div>\n<\/div>\n<div class=\"x11i5rnm xat24cr x1mh8g0r x1vvkbs xtlvy1s x126k92a\">\n<div dir=\"auto\">Am participat cu mare bucurie la eveniment, al\u0103turi de parlamentarii Liviu Mazilu \u0219i Alin Chiril\u0103, vicepre\u0219edintele Consiliului Jude\u021bean Mehedin\u021bi, Ionic\u0103 Negru, directorul general adjunct al AFIR, Dorel St\u0103icu\u021b \u0219i colegi candida\u021bi la func\u021biile de consilieri jude\u021beni.<\/div>\n<div dir=\"auto\"><\/div>\n<div dir=\"auto\">Invita\u021bia am primit-o de la primarul \u00een func\u021bie, Sabina Gheorgheci \u0219i pe care o felicit pentru aceast\u0103 edi\u021bie a Zilelor Comunei Godeanu, cu totul special\u0103!<\/div>\n<div dir=\"auto\"><\/div>\n<div dir=\"auto\">Sabina Gheorgheci a f\u0103cut \u0219i va face echip\u0103 bun\u0103 cu viitorul primar, Ion Gheorgheci, candidatul PSD pentru func\u021bia de primar, la alegerile din 9 iunie.<\/div>\n<div dir=\"auto\"><\/div>\n<div dir=\"auto\">La Godeanu s-au implementat proiecte, iar noi, <span class=\"html-span xdj266r x11i5rnm xat24cr x1mh8g0r xexx8yu x4uap5 x18d9i69 xkhd6sd x1hl2dhg x16tdsg8 x1vvkbs\">#echipa_PSD<\/span> \u0219i cea de la Consiliul Jude\u021bean Mehedin\u021bi le-am sus\u021binut pe toate \u0219i chiar le-am completat prin investi\u021bii \u00een infrastructura rutier\u0103, moderniz\u00e2nd dou\u0103 drumuri importante, DJ 670, Malov\u0103\u021b-Marga \u0219i DJ 607B, Cire\u0219u &#8211; Marga. Acum se circul\u0103 foarte bine \u0219i \u00een siguran\u021b\u0103 de la Drobeta Turnu Severin c\u0103tre Godeanu.<\/div>\n<div dir=\"auto\"><\/div>\n<div dir=\"auto\">Vom continua dezvoltarea acestei comune \u0219i dup\u0103 data de 9 iunie, care, chiar dac\u0103 este cea mai mic\u0103 din jude\u021b, merit\u0103 toat\u0103 implicarea din punct de vedere administrativ pentru viitoarea genera\u021bie!<\/div>\n<\/div>\n<div class=\"x11i5rnm xat24cr x1mh8g0r x1vvkbs xtlvy1s x126k92a\">\n<div dir=\"auto\"><\/div>\n<\/div>\n<div class=\"x11i5rnm xat24cr x1mh8g0r x1vvkbs xtlvy1s x126k92a\">\n<div dir=\"auto\">Partidul Social Democrat &#8211; Organiza\u021bia Mehedin\u021bi, CMF 21240002<\/div>\n<div dir=\"auto\"><a href=\"https:\/\/www.cronicadeseverin.ro\/?attachment_id=10149\" rel=\"attachment wp-att-10149\"><img loading=\"lazy\" decoding=\"async\" class=\"alignleft size-large wp-image-10149\" src=\"https:\/\/www.cronicadeseverin.ro\/wp-content\/uploads\/2024\/05\/5-3-800x533.jpg\" alt=\"\" width=\"800\" height=\"533\" \/><\/a> <a href=\"https:\/\/www.cronicadeseverin.ro\/?attachment_id=10150\" rel=\"attachment wp-att-10150\"><img loading=\"lazy\" decoding=\"async\" class=\"alignleft size-large wp-image-10150\" src=\"https:\/\/www.cronicadeseverin.ro\/wp-content\/uploads\/2024\/05\/6-1-800x533.jpg\" alt=\"\" width=\"800\" height=\"533\" \/><\/a><\/div>\n<\/div>\n","protected":false},"excerpt":{"rendered":"<p>Zona de nord a jude&#539;ului Mehedin&#539;i a fost &icirc;nsufle&#539;it&#259; ast&#259;zi de mii de oameni care au participat la s&#259;rb&#259;toarea Zilelor Comunei Godeanu, eveniment ajuns la edi&#539;ia a XIII-a! Aceast&#259; edi&#539;ie a fost cu totul deosebit&#259; &icirc;n sensul &icirc;n care foarte mul&#539;i copii au purtat cu gra&#539;ie costume populare, au c&acirc;ntat melodii populare &#537;i ne-au dat, [&hellip;]<\/p>\n","protected":false},"author":1,"featured_media":10150,"comment_status":"open","ping_status":"open","sticky":false,"template":"","format":"standard","meta":{"footnotes":""},"categories":[3795],"tags":[],"class_list":["post-10148","post","type-post","status-publish","format-standard","has-post-thumbnail","hentry","category-adevertorial-category"],"_links":{"self":[{"href":"https:\/\/www.cronicadeseverin.ro\/index.php?rest_route=\/wp\/v2\/posts\/10148","targetHints":{"allow":["GET"]}}],"collection":[{"href":"https:\/\/www.cronicadeseverin.ro\/index.php?rest_route=\/wp\/v2\/posts"}],"about":[{"href":"https:\/\/www.cronicadeseverin.ro\/index.php?rest_route=\/wp\/v2\/types\/post"}],"author":[{"embeddable":true,"href":"https:\/\/www.cronicadeseverin.ro\/index.php?rest_route=\/wp\/v2\/users\/1"}],"replies":[{"embeddable":true,"href":"https:\/\/www.cronicadeseverin.ro\/index.php?rest_route=%2Fwp%2Fv2%2Fcomments&post=10148"}],"version-history":[{"count":1,"href":"https:\/\/www.cronicadeseverin.ro\/index.php?rest_route=\/wp\/v2\/posts\/10148\/revisions"}],"predecessor-version":[{"id":10151,"href":"https:\/\/www.cronicadeseverin.ro\/index.php?rest_route=\/wp\/v2\/posts\/10148\/revisions\/10151"}],"wp:featuredmedia":[{"embeddable":true,"href":"https:\/\/www.cronicadeseverin.ro\/index.php?rest_route=\/wp\/v2\/media\/10150"}],"wp:attachment":[{"href":"https:\/\/www.cronicadeseverin.ro\/index.php?rest_route=%2Fwp%2Fv2%2Fmedia&parent=10148"}],"wp:term":[{"taxonomy":"category","embeddable":true,"href":"https:\/\/www.cronicadeseverin.ro\/index.php?rest_route=%2Fwp%2Fv2%2Fcategories&post=10148"},{"taxonomy":"post_tag","embeddable":true,"href":"https:\/\/www.cronicadeseverin.ro\/index.php?rest_route=%2Fwp%2Fv2%2Ftags&post=10148"}],"curies":[{"name":"wp","href":"https:\/\/api.w.org\/{rel}","templated":true}]}}