{"id":10144,"date":"2024-05-26T08:05:30","date_gmt":"2024-05-26T08:05:30","guid":{"rendered":"https:\/\/www.cronicadeseverin.ro\/?p=10144"},"modified":"2024-05-31T11:25:24","modified_gmt":"2024-05-31T08:25:24","slug":"primarul-catalin-draghici-iubit-si-apreciat-in-breznita-de-ocol","status":"publish","type":"post","link":"https:\/\/www.cronicadeseverin.ro\/?p=10144","title":{"rendered":"PRIMARUL C\u0102T\u0102LIN DR\u0102GHICI, IUBIT \u0218I APRECIAT \u00ceN BREZNI\u021aA DE OCOL"},"content":{"rendered":"<div class=\"x11i5rnm xat24cr x1mh8g0r x1vvkbs xtlvy1s x126k92a\">\n<div dir=\"auto\">Ast\u0103zi, \u00een cadrul unei ac\u021biuni de campanie electoral\u0103 organizat\u0103 \u00een satul Magheru \u0219i parte din satul Brezni\u021ba, oamenii \u0219i-au ar\u0103tat sus\u021binerea pentru primarul C\u0103t\u0103lin Dr\u0103ghici \u0219i pentru toate proiectele ce au fost realizate \u0219i le asigur\u0103 un trai bun \u00een cea mai apropiat\u0103 comun\u0103 de municipiul re\u0219edin\u021b\u0103 de jude\u021b.<\/div>\n<div dir=\"auto\"><\/div>\n<\/div>\n<div class=\"x11i5rnm xat24cr x1mh8g0r x1vvkbs xtlvy1s x126k92a\">\n<div dir=\"auto\">\u201cNu se putea face nimic f\u0103r\u0103 pre\u0219edintele Consiliului Jude\u021bean Mehedin\u021bi, Aladin Georgescu!, au ar\u0103tat oamenii care vor vota pe data de 9 iunie, echipa PSD pentru prim\u0103ria comunei, Consiliul Local, pre\u0219edintele Consiliului Jude\u021bean \u0219i Consiliul Jude\u021bean.<\/div>\n<div dir=\"auto\"><\/div>\n<\/div>\n<div class=\"x11i5rnm xat24cr x1mh8g0r x1vvkbs xtlvy1s x126k92a\">\n<div dir=\"auto\">Comuna este una dintre cele mai dezvoltate din jude\u021b, unde C\u0103t\u0103lin Dr\u0103ghici a ar\u0103tat c\u0103 al\u0103turi de <span class=\"html-span xdj266r x11i5rnm xat24cr x1mh8g0r xexx8yu x4uap5 x18d9i69 xkhd6sd x1hl2dhg x16tdsg8 x1vvkbs\">#PSD<\/span> se poate face performan\u021b\u0103 \u00een administra\u021bie!<\/div>\n<div dir=\"auto\"><\/div>\n<\/div>\n<div class=\"x11i5rnm xat24cr x1mh8g0r x1vvkbs xtlvy1s x126k92a\">\n<div dir=\"auto\">La ac\u021biunea de azi au participat primarul C\u0103t\u0103lin Dr\u0103ghici, secretarul de stat Bogdan Simcea, candida\u021bii la func\u021biile de consilieri locali \u0219i cei pentru Consiliul Jude\u021bean Mehedin\u021bi, Oana Buzatu, Adriana G\u00e2sc\u0103 \u0219i Adelina Stani.<\/div>\n<\/div>\n<div class=\"x11i5rnm xat24cr x1mh8g0r x1vvkbs xtlvy1s x126k92a\">\n<div dir=\"auto\"><\/div>\n<\/div>\n<div class=\"x11i5rnm xat24cr x1mh8g0r x1vvkbs xtlvy1s x126k92a\">\n<div dir=\"auto\">Partidul Social Democrat &#8211; Organiza\u021bia Mehedin\u021bi, CMF 21240002<\/div>\n<div dir=\"auto\"><a href=\"https:\/\/www.cronicadeseverin.ro\/?attachment_id=10145\" rel=\"attachment wp-att-10145\"><img loading=\"lazy\" decoding=\"async\" class=\"alignleft size-large wp-image-10145\" src=\"https:\/\/www.cronicadeseverin.ro\/wp-content\/uploads\/2024\/05\/3-31-800x600.jpg\" alt=\"\" width=\"800\" height=\"600\" \/><\/a> <a href=\"https:\/\/www.cronicadeseverin.ro\/?attachment_id=10146\" rel=\"attachment wp-att-10146\"><img loading=\"lazy\" decoding=\"async\" class=\"alignleft size-large wp-image-10146\" src=\"https:\/\/www.cronicadeseverin.ro\/wp-content\/uploads\/2024\/05\/4-12-800x600.jpg\" alt=\"\" width=\"800\" height=\"600\" \/><\/a><\/div>\n<\/div>\n","protected":false},"excerpt":{"rendered":"<p>Ast&#259;zi, &icirc;n cadrul unei ac&#539;iuni de campanie electoral&#259; organizat&#259; &icirc;n satul Magheru &#537;i parte din satul Brezni&#539;a, oamenii &#537;i-au ar&#259;tat sus&#539;inerea pentru primarul C&#259;t&#259;lin Dr&#259;ghici &#537;i pentru toate proiectele ce au fost realizate &#537;i le asigur&#259; un trai bun &icirc;n cea mai apropiat&#259; comun&#259; de municipiul re&#537;edin&#539;&#259; de jude&#539;. &ldquo;Nu se putea face nimic f&#259;r&#259; [&hellip;]<\/p>\n","protected":false},"author":1,"featured_media":10145,"comment_status":"open","ping_status":"open","sticky":false,"template":"","format":"standard","meta":{"footnotes":""},"categories":[3795],"tags":[],"class_list":["post-10144","post","type-post","status-publish","format-standard","has-post-thumbnail","hentry","category-adevertorial-category"],"_links":{"self":[{"href":"https:\/\/www.cronicadeseverin.ro\/index.php?rest_route=\/wp\/v2\/posts\/10144","targetHints":{"allow":["GET"]}}],"collection":[{"href":"https:\/\/www.cronicadeseverin.ro\/index.php?rest_route=\/wp\/v2\/posts"}],"about":[{"href":"https:\/\/www.cronicadeseverin.ro\/index.php?rest_route=\/wp\/v2\/types\/post"}],"author":[{"embeddable":true,"href":"https:\/\/www.cronicadeseverin.ro\/index.php?rest_route=\/wp\/v2\/users\/1"}],"replies":[{"embeddable":true,"href":"https:\/\/www.cronicadeseverin.ro\/index.php?rest_route=%2Fwp%2Fv2%2Fcomments&post=10144"}],"version-history":[{"count":1,"href":"https:\/\/www.cronicadeseverin.ro\/index.php?rest_route=\/wp\/v2\/posts\/10144\/revisions"}],"predecessor-version":[{"id":10147,"href":"https:\/\/www.cronicadeseverin.ro\/index.php?rest_route=\/wp\/v2\/posts\/10144\/revisions\/10147"}],"wp:featuredmedia":[{"embeddable":true,"href":"https:\/\/www.cronicadeseverin.ro\/index.php?rest_route=\/wp\/v2\/media\/10145"}],"wp:attachment":[{"href":"https:\/\/www.cronicadeseverin.ro\/index.php?rest_route=%2Fwp%2Fv2%2Fmedia&parent=10144"}],"wp:term":[{"taxonomy":"category","embeddable":true,"href":"https:\/\/www.cronicadeseverin.ro\/index.php?rest_route=%2Fwp%2Fv2%2Fcategories&post=10144"},{"taxonomy":"post_tag","embeddable":true,"href":"https:\/\/www.cronicadeseverin.ro\/index.php?rest_route=%2Fwp%2Fv2%2Ftags&post=10144"}],"curies":[{"name":"wp","href":"https:\/\/api.w.org\/{rel}","templated":true}]}}