{"id":10140,"date":"2024-05-26T08:03:08","date_gmt":"2024-05-26T08:03:08","guid":{"rendered":"https:\/\/www.cronicadeseverin.ro\/?p=10140"},"modified":"2024-05-31T11:25:29","modified_gmt":"2024-05-31T08:25:29","slug":"comuna-balta-are-nevoie-de-o-schimbare-are-nevoie-de-psd","status":"publish","type":"post","link":"https:\/\/www.cronicadeseverin.ro\/?p=10140","title":{"rendered":"COMUNA BALTA ARE NEVOIE DE O SCHIMBARE, ARE NEVOIE DE PSD"},"content":{"rendered":"<div class=\"x11i5rnm xat24cr x1mh8g0r x1vvkbs xtlvy1s x126k92a\">\n<div dir=\"auto\">Dup\u0103 modelul pe care \u00eel avem \u00een majoritatea comunelor conduse de primari PSD \u0219i care sunt bine dezvoltate, cet\u0103\u021benii din comuna Balta au ocazia, pe 9 iunie, s\u0103 o aleag\u0103 pe Victoria Stoican \u00een func\u021bia de primar \u0219i echipa PSD pentru Consiliul Local \u0219i Consiliul Jude\u021bean Mehedin\u021bi.<\/div>\n<div dir=\"auto\"><\/div>\n<\/div>\n<div class=\"x11i5rnm xat24cr x1mh8g0r x1vvkbs xtlvy1s x126k92a\">\n<div dir=\"auto\">Acesta a fost mesajul pe care l-am transmis ast\u0103zi, oamenilor din mai multe sate ale comunei, care au participat la \u00eent\u00e2lnirea de campanie ce am avut-o al\u0103turi de doamna Victoria Stoican, parlamentarii Liviu Mazilu \u0219i Alin Chiril\u0103, candida\u021bii PSD pentru Consiliul Local Balta \u0219i Consiliul Jude\u021bean Mehedin\u021bi.<\/div>\n<div dir=\"auto\"><\/div>\n<\/div>\n<div class=\"x11i5rnm xat24cr x1mh8g0r x1vvkbs xtlvy1s x126k92a\">\n<div dir=\"auto\">Oamenii au nevoie de o administra\u021bie eficient\u0103 \u0219i o pot avea dac\u0103 aleg <span class=\"html-span xdj266r x11i5rnm xat24cr x1mh8g0r xexx8yu x4uap5 x18d9i69 xkhd6sd x1hl2dhg x16tdsg8 x1vvkbs\">#echipa_PSD<\/span>!<\/div>\n<\/div>\n<div class=\"x11i5rnm xat24cr x1mh8g0r x1vvkbs xtlvy1s x126k92a\">\n<div dir=\"auto\"><\/div>\n<\/div>\n<div class=\"x11i5rnm xat24cr x1mh8g0r x1vvkbs xtlvy1s x126k92a\">\n<div dir=\"auto\">Partidul Social Democrat &#8211; Organiza\u021bia Mehedin\u021bi, CMF 21240002<\/div>\n<div dir=\"auto\"><a href=\"https:\/\/www.cronicadeseverin.ro\/?attachment_id=10142\" rel=\"attachment wp-att-10142\"><img loading=\"lazy\" decoding=\"async\" class=\"alignleft size-large wp-image-10142\" src=\"https:\/\/www.cronicadeseverin.ro\/wp-content\/uploads\/2024\/05\/2-33-800x600.jpg\" alt=\"\" width=\"800\" height=\"600\" \/><\/a><\/div>\n<\/div>\n","protected":false},"excerpt":{"rendered":"<p>Dup&#259; modelul pe care &icirc;l avem &icirc;n majoritatea comunelor conduse de primari PSD &#537;i care sunt bine dezvoltate, cet&#259;&#539;enii din comuna Balta au ocazia, pe 9 iunie, s&#259; o aleag&#259; pe Victoria Stoican &icirc;n func&#539;ia de primar &#537;i echipa PSD pentru Consiliul Local &#537;i Consiliul Jude&#539;ean Mehedin&#539;i. Acesta a fost mesajul pe care l-am transmis [&hellip;]<\/p>\n","protected":false},"author":1,"featured_media":10141,"comment_status":"open","ping_status":"open","sticky":false,"template":"","format":"standard","meta":{"footnotes":""},"categories":[3795],"tags":[],"class_list":["post-10140","post","type-post","status-publish","format-standard","has-post-thumbnail","hentry","category-adevertorial-category"],"_links":{"self":[{"href":"https:\/\/www.cronicadeseverin.ro\/index.php?rest_route=\/wp\/v2\/posts\/10140","targetHints":{"allow":["GET"]}}],"collection":[{"href":"https:\/\/www.cronicadeseverin.ro\/index.php?rest_route=\/wp\/v2\/posts"}],"about":[{"href":"https:\/\/www.cronicadeseverin.ro\/index.php?rest_route=\/wp\/v2\/types\/post"}],"author":[{"embeddable":true,"href":"https:\/\/www.cronicadeseverin.ro\/index.php?rest_route=\/wp\/v2\/users\/1"}],"replies":[{"embeddable":true,"href":"https:\/\/www.cronicadeseverin.ro\/index.php?rest_route=%2Fwp%2Fv2%2Fcomments&post=10140"}],"version-history":[{"count":1,"href":"https:\/\/www.cronicadeseverin.ro\/index.php?rest_route=\/wp\/v2\/posts\/10140\/revisions"}],"predecessor-version":[{"id":10143,"href":"https:\/\/www.cronicadeseverin.ro\/index.php?rest_route=\/wp\/v2\/posts\/10140\/revisions\/10143"}],"wp:featuredmedia":[{"embeddable":true,"href":"https:\/\/www.cronicadeseverin.ro\/index.php?rest_route=\/wp\/v2\/media\/10141"}],"wp:attachment":[{"href":"https:\/\/www.cronicadeseverin.ro\/index.php?rest_route=%2Fwp%2Fv2%2Fmedia&parent=10140"}],"wp:term":[{"taxonomy":"category","embeddable":true,"href":"https:\/\/www.cronicadeseverin.ro\/index.php?rest_route=%2Fwp%2Fv2%2Fcategories&post=10140"},{"taxonomy":"post_tag","embeddable":true,"href":"https:\/\/www.cronicadeseverin.ro\/index.php?rest_route=%2Fwp%2Fv2%2Ftags&post=10140"}],"curies":[{"name":"wp","href":"https:\/\/api.w.org\/{rel}","templated":true}]}}