{"id":10069,"date":"2024-05-15T08:33:34","date_gmt":"2024-05-15T08:33:34","guid":{"rendered":"https:\/\/www.cronicadeseverin.ro\/?p=10069"},"modified":"2024-05-25T08:35:21","modified_gmt":"2024-05-25T08:35:21","slug":"echipa-psd-alaturi-de-oamenii-din-oprisor","status":"publish","type":"post","link":"https:\/\/www.cronicadeseverin.ro\/?p=10069","title":{"rendered":"ECHIPA PSD, AL\u0102TURI DE OAMENII DIN OPRI\u0218OR"},"content":{"rendered":"<div class=\"x11i5rnm xat24cr x1mh8g0r x1vvkbs xtlvy1s x126k92a\">\n<div dir=\"auto\">\u00cen cadrul \u00eent\u00e2lnirii pe care am avut-o ast\u0103zi cu oamenii din comuna Opri\u0219or, al\u0103turi de primarul Constantin G\u00eerleanu \u0219i \u00eempreun\u0103 cu senatorul Liviu Mazilu \u0219i candida\u021bii la func\u021biile de consilieri jude\u021beni, Doru Dumitrescu,Tudor Ni\u0219ulescu \u0219i Alexandru Cojocaru, am primit \u00eencredere pentru alegerile din 9 iunie.<\/div>\n<div dir=\"auto\"><\/div>\n<\/div>\n<div class=\"x11i5rnm xat24cr x1mh8g0r x1vvkbs xtlvy1s x126k92a\">\n<div dir=\"auto\">\u00cen urma investi\u021biilor pe care le-am realizat la Consiliul Jude\u021bean Mehedin\u021bi, locuitorii circul\u0103 acum \u00een siguran\u021b\u0103 \u0219i \u00eentr-un timp scurt din comuna Opri\u0219or p\u00e2n\u0103 \u00een municipiul re\u0219edin\u021b\u0103 de jude\u021b, Drobeta Turnu Severin, c\u00e2t \u0219i c\u0103tre jude\u021bul Dolj.<\/div>\n<\/div>\n<div class=\"x11i5rnm xat24cr x1mh8g0r x1vvkbs xtlvy1s x126k92a\">\n<div dir=\"auto\"><\/div>\n<div dir=\"auto\">CMF 21240002<\/div>\n<div dir=\"auto\"><a href=\"https:\/\/www.cronicadeseverin.ro\/?attachment_id=10070\" rel=\"attachment wp-att-10070\"><img loading=\"lazy\" decoding=\"async\" class=\"alignleft size-large wp-image-10070\" src=\"https:\/\/www.cronicadeseverin.ro\/wp-content\/uploads\/2024\/05\/1-27-800x473.jpg\" alt=\"\" width=\"800\" height=\"473\" \/><\/a> <a href=\"https:\/\/www.cronicadeseverin.ro\/?attachment_id=10071\" rel=\"attachment wp-att-10071\"><img loading=\"lazy\" decoding=\"async\" class=\"alignleft size-large wp-image-10071\" src=\"https:\/\/www.cronicadeseverin.ro\/wp-content\/uploads\/2024\/05\/2-26-800x600.jpg\" alt=\"\" width=\"800\" height=\"600\" \/><\/a> <a href=\"https:\/\/www.cronicadeseverin.ro\/?attachment_id=10072\" rel=\"attachment wp-att-10072\"><img loading=\"lazy\" decoding=\"async\" class=\"alignleft size-large wp-image-10072\" src=\"https:\/\/www.cronicadeseverin.ro\/wp-content\/uploads\/2024\/05\/3-24-800x600.jpg\" alt=\"\" width=\"800\" height=\"600\" \/><\/a><\/div>\n<\/div>\n","protected":false},"excerpt":{"rendered":"<p>&Icirc;n cadrul &icirc;nt&acirc;lnirii pe care am avut-o ast&#259;zi cu oamenii din comuna Opri&#537;or, al&#259;turi de primarul Constantin G&icirc;rleanu &#537;i &icirc;mpreun&#259; cu senatorul Liviu Mazilu &#537;i candida&#539;ii la func&#539;iile de consilieri jude&#539;eni, Doru Dumitrescu,Tudor Ni&#537;ulescu &#537;i Alexandru Cojocaru, am primit &icirc;ncredere pentru alegerile din 9 iunie. &Icirc;n urma investi&#539;iilor pe care le-am realizat la Consiliul Jude&#539;ean [&hellip;]<\/p>\n","protected":false},"author":1,"featured_media":10070,"comment_status":"open","ping_status":"open","sticky":false,"template":"","format":"standard","meta":{"footnotes":""},"categories":[3795],"tags":[],"class_list":["post-10069","post","type-post","status-publish","format-standard","has-post-thumbnail","hentry","category-adevertorial-category"],"_links":{"self":[{"href":"https:\/\/www.cronicadeseverin.ro\/index.php?rest_route=\/wp\/v2\/posts\/10069","targetHints":{"allow":["GET"]}}],"collection":[{"href":"https:\/\/www.cronicadeseverin.ro\/index.php?rest_route=\/wp\/v2\/posts"}],"about":[{"href":"https:\/\/www.cronicadeseverin.ro\/index.php?rest_route=\/wp\/v2\/types\/post"}],"author":[{"embeddable":true,"href":"https:\/\/www.cronicadeseverin.ro\/index.php?rest_route=\/wp\/v2\/users\/1"}],"replies":[{"embeddable":true,"href":"https:\/\/www.cronicadeseverin.ro\/index.php?rest_route=%2Fwp%2Fv2%2Fcomments&post=10069"}],"version-history":[{"count":1,"href":"https:\/\/www.cronicadeseverin.ro\/index.php?rest_route=\/wp\/v2\/posts\/10069\/revisions"}],"predecessor-version":[{"id":10073,"href":"https:\/\/www.cronicadeseverin.ro\/index.php?rest_route=\/wp\/v2\/posts\/10069\/revisions\/10073"}],"wp:featuredmedia":[{"embeddable":true,"href":"https:\/\/www.cronicadeseverin.ro\/index.php?rest_route=\/wp\/v2\/media\/10070"}],"wp:attachment":[{"href":"https:\/\/www.cronicadeseverin.ro\/index.php?rest_route=%2Fwp%2Fv2%2Fmedia&parent=10069"}],"wp:term":[{"taxonomy":"category","embeddable":true,"href":"https:\/\/www.cronicadeseverin.ro\/index.php?rest_route=%2Fwp%2Fv2%2Fcategories&post=10069"},{"taxonomy":"post_tag","embeddable":true,"href":"https:\/\/www.cronicadeseverin.ro\/index.php?rest_route=%2Fwp%2Fv2%2Ftags&post=10069"}],"curies":[{"name":"wp","href":"https:\/\/api.w.org\/{rel}","templated":true}]}}